{"id":7911,"date":"2026-03-05T16:01:53","date_gmt":"2026-03-05T22:01:53","guid":{"rendered":"https:\/\/pornuestrolaredo.com\/?p=7911"},"modified":"2026-03-05T16:01:53","modified_gmt":"2026-03-05T22:01:53","slug":"trump-despide-a-kristi-noem-de-seguridad-nacional","status":"publish","type":"post","link":"https:\/\/pornuestrolaredo.com\/?p=7911","title":{"rendered":"Trump despide a Kristi Noem de Seguridad Nacional"},"content":{"rendered":"<p>WASHINGTON.- El presidente Donald Trump despidi\u00f3 el jueves a su cuestionada secretaria de Seguridad Nacional, Kristi Noem, tras las crecientes cr\u00edticas por su gesti\u00f3n del Departamento de Seguridad Nacional (DHS, por sus siglas en ingl\u00e9s), incluido el manejo de la ofensiva migratoria del gobierno y la respuesta a desastres.<\/p>\n<p>Trump, quien dijo que nominar\u00e1 en su lugar al senador republicano de Oklahoma Markwayne Mullin, hizo el anuncio en redes sociales el jueves, dos d\u00edas despu\u00e9s que Noem enfrentara un duro interrogatorio en el Capitolio por parte de miembros del Partido Republicano, as\u00ed como de dem\u00f3cratas.<\/p>\n<p>El mandatario se\u00f1ala que designar\u00e1 a Noem como \u201cEnviada Especial para el Escudo de las Am\u00e9ricas\u201d, una nueva iniciativa de seguridad que, afirm\u00f3, se centrar\u00e1 en el hemisferio occidental.<\/p>\n<p>Noem subi\u00f3 al escenario en Nashville, Tennessee, para hablar en un evento de fuerzas del orden momentos despu\u00e9s del anuncio de Trump, pero no mencion\u00f3 su destituci\u00f3n del Departamento de Seguridad Nacional. En cambio, ley\u00f3 un discurso preparado, donde reforz\u00f3 el mensaje que emiti\u00f3 el presidente en su discurso del Estado de la Uni\u00f3n del mes pasado.<\/p>\n<p>Noem es la primera secretaria del gabinete en dejar el cargo durante el segundo mandato de Trump. La salida de Noem pone fin a un periodo turbulento al frente de t\u00e1cticas de control migratorio que han sido recibidas con protestas y demandas.<\/p>\n<p>Su permanencia en el cargo parec\u00eda cada vez m\u00e1s endeble despu\u00e9s de las audiencias que sostuvo esta semana ante el Congreso, donde enfrent\u00f3 cr\u00edticas inusuales pero mordaces de legisladores republicanos. Un punto particular de escrutinio fue una campa\u00f1a publicitaria de 220 millones de d\u00f3lares en la que aparec\u00eda la secretaria y que alentaba a las personas que est\u00e1n ilegalmente en el pa\u00eds a irse voluntariamente.<\/p>\n<p>Noem dijo a los legisladores que Trump hab\u00eda sido notificado con anticipaci\u00f3n acerca de la campa\u00f1a, pero el mandatario la refut\u00f3 en una entrevista el jueves con Reuters, al afirmar que no dio su aprobaci\u00f3n.<\/p>\n","protected":false},"excerpt":{"rendered":"<p>La secretaria se vuelto envuelta en crecientes cr\u00edticas por su gesti\u00f3n, incluido el manejo de la ofensiva migratoria del gobierno y la respuesta a desastres<\/p>\n","protected":false},"author":1,"featured_media":7912,"comment_status":"closed","ping_status":"closed","sticky":false,"template":"","format":"aside","meta":{"_crdt_document":"","_jetpack_memberships_contains_paid_content":false,"footnotes":"","jetpack_publicize_message":"","jetpack_publicize_feature_enabled":true,"jetpack_social_post_already_shared":true,"jetpack_social_options":{"image_generator_settings":{"template":"highway","default_image_id":0,"font":"","enabled":false},"version":2},"_wpas_customize_per_network":false},"categories":[9],"tags":[],"class_list":["post-7911","post","type-post","status-publish","format-aside","has-post-thumbnail","hentry","category-el-mundo","post_format-post-format-aside"],"magazineBlocksPostFeaturedMedia":{"thumbnail":"https:\/\/pornuestrolaredo.com\/wp-content\/uploads\/2026\/03\/Stereo91-20260305-6-150x150.png","medium":"https:\/\/pornuestrolaredo.com\/wp-content\/uploads\/2026\/03\/Stereo91-20260305-6-300x200.png","medium_large":"https:\/\/pornuestrolaredo.com\/wp-content\/uploads\/2026\/03\/Stereo91-20260305-6-768x512.png","large":"https:\/\/pornuestrolaredo.com\/wp-content\/uploads\/2026\/03\/Stereo91-20260305-6.png","1536x1536":"https:\/\/pornuestrolaredo.com\/wp-content\/uploads\/2026\/03\/Stereo91-20260305-6.png","2048x2048":"https:\/\/pornuestrolaredo.com\/wp-content\/uploads\/2026\/03\/Stereo91-20260305-6.png","morenews-large":"https:\/\/pornuestrolaredo.com\/wp-content\/uploads\/2026\/03\/Stereo91-20260305-6-825x567.png","morenews-medium":"https:\/\/pornuestrolaredo.com\/wp-content\/uploads\/2026\/03\/Stereo91-20260305-6-590x410.png"},"magazineBlocksPostAuthor":{"name":"Redactor","avatar":"https:\/\/pornuestrolaredo.com\/wp-content\/litespeed\/avatar\/dca1d7ec750c399f025f23b0b314f4cf.jpg?ver=1777007253"},"magazineBlocksPostCommentsNumber":false,"magazineBlocksPostExcerpt":"La secretaria se vuelto envuelta en crecientes cr\u00edticas por su gesti\u00f3n, incluido el manejo de la ofensiva migratoria del gobierno y la respuesta a desastres","magazineBlocksPostCategories":["El Mundo"],"magazineBlocksPostViewCount":22,"magazineBlocksPostReadTime":2,"magazine_blocks_featured_image_url":{"full":["https:\/\/pornuestrolaredo.com\/wp-content\/uploads\/2026\/03\/Stereo91-20260305-6.png",850,567,false],"medium":["https:\/\/pornuestrolaredo.com\/wp-content\/uploads\/2026\/03\/Stereo91-20260305-6-300x200.png",300,200,true],"thumbnail":["https:\/\/pornuestrolaredo.com\/wp-content\/uploads\/2026\/03\/Stereo91-20260305-6-150x150.png",150,150,true]},"magazine_blocks_author":{"display_name":"Redactor","author_link":"https:\/\/pornuestrolaredo.com\/?author=1"},"magazine_blocks_comment":0,"magazine_blocks_author_image":"https:\/\/pornuestrolaredo.com\/wp-content\/litespeed\/avatar\/dca1d7ec750c399f025f23b0b314f4cf.jpg?ver=1777007253","magazine_blocks_category":"<a href=\"#\" class=\"category-link category-link-9\">El Mundo<\/a>","jetpack_publicize_connections":[],"featured_image_urls":{"full":["https:\/\/pornuestrolaredo.com\/wp-content\/uploads\/2026\/03\/Stereo91-20260305-6.png",850,567,false],"thumbnail":["https:\/\/pornuestrolaredo.com\/wp-content\/uploads\/2026\/03\/Stereo91-20260305-6-150x150.png",150,150,true],"medium":["https:\/\/pornuestrolaredo.com\/wp-content\/uploads\/2026\/03\/Stereo91-20260305-6-300x200.png",300,200,true],"medium_large":["https:\/\/pornuestrolaredo.com\/wp-content\/uploads\/2026\/03\/Stereo91-20260305-6-768x512.png",640,427,true],"large":["https:\/\/pornuestrolaredo.com\/wp-content\/uploads\/2026\/03\/Stereo91-20260305-6.png",640,427,false],"1536x1536":["https:\/\/pornuestrolaredo.com\/wp-content\/uploads\/2026\/03\/Stereo91-20260305-6.png",850,567,false],"2048x2048":["https:\/\/pornuestrolaredo.com\/wp-content\/uploads\/2026\/03\/Stereo91-20260305-6.png",850,567,false],"morenews-large":["https:\/\/pornuestrolaredo.com\/wp-content\/uploads\/2026\/03\/Stereo91-20260305-6-825x567.png",825,567,true],"morenews-medium":["https:\/\/pornuestrolaredo.com\/wp-content\/uploads\/2026\/03\/Stereo91-20260305-6-590x410.png",590,410,true]},"author_info":{"info":["Redactor"]},"category_info":"<a href=\"https:\/\/pornuestrolaredo.com\/?cat=9\" rel=\"category\">El Mundo<\/a>","tag_info":"El Mundo","comment_count":"0","jetpack_featured_media_url":"https:\/\/pornuestrolaredo.com\/wp-content\/uploads\/2026\/03\/Stereo91-20260305-6.png","jetpack_sharing_enabled":true,"_links":{"self":[{"href":"https:\/\/pornuestrolaredo.com\/index.php?rest_route=\/wp\/v2\/posts\/7911","targetHints":{"allow":["GET"]}}],"collection":[{"href":"https:\/\/pornuestrolaredo.com\/index.php?rest_route=\/wp\/v2\/posts"}],"about":[{"href":"https:\/\/pornuestrolaredo.com\/index.php?rest_route=\/wp\/v2\/types\/post"}],"author":[{"embeddable":true,"href":"https:\/\/pornuestrolaredo.com\/index.php?rest_route=\/wp\/v2\/users\/1"}],"replies":[{"embeddable":true,"href":"https:\/\/pornuestrolaredo.com\/index.php?rest_route=%2Fwp%2Fv2%2Fcomments&post=7911"}],"version-history":[{"count":1,"href":"https:\/\/pornuestrolaredo.com\/index.php?rest_route=\/wp\/v2\/posts\/7911\/revisions"}],"predecessor-version":[{"id":7913,"href":"https:\/\/pornuestrolaredo.com\/index.php?rest_route=\/wp\/v2\/posts\/7911\/revisions\/7913"}],"wp:featuredmedia":[{"embeddable":true,"href":"https:\/\/pornuestrolaredo.com\/index.php?rest_route=\/wp\/v2\/media\/7912"}],"wp:attachment":[{"href":"https:\/\/pornuestrolaredo.com\/index.php?rest_route=%2Fwp%2Fv2%2Fmedia&parent=7911"}],"wp:term":[{"taxonomy":"category","embeddable":true,"href":"https:\/\/pornuestrolaredo.com\/index.php?rest_route=%2Fwp%2Fv2%2Fcategories&post=7911"},{"taxonomy":"post_tag","embeddable":true,"href":"https:\/\/pornuestrolaredo.com\/index.php?rest_route=%2Fwp%2Fv2%2Ftags&post=7911"}],"curies":[{"name":"wp","href":"https:\/\/api.w.org\/{rel}","templated":true}]}}