{"id":7914,"date":"2026-03-06T13:28:58","date_gmt":"2026-03-06T19:28:58","guid":{"rendered":"https:\/\/pornuestrolaredo.com\/?p=7914"},"modified":"2026-03-06T13:28:58","modified_gmt":"2026-03-06T19:28:58","slug":"arrestan-a-britney-spears-por-manejar-tomada","status":"publish","type":"post","link":"https:\/\/pornuestrolaredo.com\/?p=7914","title":{"rendered":"Arrestan a Britney Spears por manejar tomada"},"content":{"rendered":"<p><strong>LOS \u00c1NGELES.-<\/strong> Britney Spears fue arrestada brevemente el mi\u00e9rcoles por la noche cerca de su casa en el condado de Ventura, California, despu\u00e9s de que las autoridades sospecharan que la superestrella del pop conduc\u00eda bajo la influencia del alcohol, seg\u00fan fuentes policiales.<\/p>\n<p>Seg\u00fan TMZ, la cantante fue detenida por la Patrulla de Carreteras de California alrededor de las 21:30 hora local. Seg\u00fan los registros de reclusos del Sheriff del Condado de Ventura, revisados por el medio, Spears fue liberada posteriormente y ya no se encuentra bajo custodia.<\/p>\n<p>Las autoridades no han publicado m\u00e1s detalles sobre la parada de tr\u00e1fico ni han confirmado si Spears enfrentar\u00e1 cargos formales. Tampoco est\u00e1 claro qu\u00e9 llev\u00f3 a los agentes a sospechar que estaba bajo los efectos del alcohol.<\/p>\n<p>Los representantes de Spears no han respondido p\u00fablicamente a las solicitudes de comentarios.<\/p>\n<p>El presunto arresto se difundi\u00f3 r\u00e1pidamente en Internet el jueves por la ma\u00f1ana, a\u00f1adiendo otro momento inesperado a la vida de una de las figuras m\u00e1s vigiladas de la m\u00fasica pop.<\/p>\n<p>Spears se convirti\u00f3 en una de las estrellas pop m\u00e1s importantes del mundo tras el lanzamiento de &#8220;Baby One More Time&#8221; en 1998. Durante las dos d\u00e9cadas siguientes, forj\u00f3 una carrera que incluye m\u00faltiples \u00e1lbumes n\u00famero 1, giras mundiales y residencias en Las Vegas. Sigue siendo una de las artistas musicales con m\u00e1s ventas de todos los tiempos.<\/p>\n<p>En los \u00faltimos a\u00f1os, Spears ha vuelto a ser el centro de atenci\u00f3n en gran parte debido a la batalla legal que puso fin a su tutela en 2021. El acuerdo judicial hab\u00eda controlado muchos aspectos de su vida durante m\u00e1s de 13 a\u00f1os y desencaden\u00f3 el movimiento mundial #FreeBritney.<\/p>\n","protected":false},"excerpt":{"rendered":"<p>Seg\u00fan los registros de reclusos del Sheriff del Condado de Ventura, Spears fue liberada posteriormente y ya no se encuentra bajo custodia<\/p>\n","protected":false},"author":1,"featured_media":7915,"comment_status":"closed","ping_status":"closed","sticky":false,"template":"","format":"aside","meta":{"_crdt_document":"","_jetpack_memberships_contains_paid_content":false,"footnotes":"","jetpack_publicize_message":"","jetpack_publicize_feature_enabled":true,"jetpack_social_post_already_shared":true,"jetpack_social_options":{"image_generator_settings":{"template":"highway","default_image_id":0,"font":"","enabled":false},"version":2},"_wpas_customize_per_network":false},"categories":[34],"tags":[],"class_list":["post-7914","post","type-post","status-publish","format-aside","has-post-thumbnail","hentry","category-farandula","post_format-post-format-aside"],"magazineBlocksPostFeaturedMedia":{"thumbnail":"https:\/\/pornuestrolaredo.com\/wp-content\/uploads\/2026\/03\/107FM-20260306-1-150x150.png","medium":"https:\/\/pornuestrolaredo.com\/wp-content\/uploads\/2026\/03\/107FM-20260306-1-300x169.png","medium_large":"https:\/\/pornuestrolaredo.com\/wp-content\/uploads\/2026\/03\/107FM-20260306-1-768x432.png","large":"https:\/\/pornuestrolaredo.com\/wp-content\/uploads\/2026\/03\/107FM-20260306-1.png","1536x1536":"https:\/\/pornuestrolaredo.com\/wp-content\/uploads\/2026\/03\/107FM-20260306-1.png","2048x2048":"https:\/\/pornuestrolaredo.com\/wp-content\/uploads\/2026\/03\/107FM-20260306-1.png","morenews-large":"https:\/\/pornuestrolaredo.com\/wp-content\/uploads\/2026\/03\/107FM-20260306-1-825x478.png","morenews-medium":"https:\/\/pornuestrolaredo.com\/wp-content\/uploads\/2026\/03\/107FM-20260306-1-590x410.png"},"magazineBlocksPostAuthor":{"name":"Redactor","avatar":"https:\/\/pornuestrolaredo.com\/wp-content\/litespeed\/avatar\/dca1d7ec750c399f025f23b0b314f4cf.jpg?ver=1777007253"},"magazineBlocksPostCommentsNumber":false,"magazineBlocksPostExcerpt":"Seg\u00fan los registros de reclusos del Sheriff del Condado de Ventura, Spears fue liberada posteriormente y ya no se encuentra bajo custodia","magazineBlocksPostCategories":["Far\u00e1ndula"],"magazineBlocksPostViewCount":42,"magazineBlocksPostReadTime":2,"magazine_blocks_featured_image_url":{"full":["https:\/\/pornuestrolaredo.com\/wp-content\/uploads\/2026\/03\/107FM-20260306-1.png",850,478,false],"medium":["https:\/\/pornuestrolaredo.com\/wp-content\/uploads\/2026\/03\/107FM-20260306-1-300x169.png",300,169,true],"thumbnail":["https:\/\/pornuestrolaredo.com\/wp-content\/uploads\/2026\/03\/107FM-20260306-1-150x150.png",150,150,true]},"magazine_blocks_author":{"display_name":"Redactor","author_link":"https:\/\/pornuestrolaredo.com\/?author=1"},"magazine_blocks_comment":0,"magazine_blocks_author_image":"https:\/\/pornuestrolaredo.com\/wp-content\/litespeed\/avatar\/dca1d7ec750c399f025f23b0b314f4cf.jpg?ver=1777007253","magazine_blocks_category":"<a href=\"#\" class=\"category-link category-link-34\">Far\u00e1ndula<\/a>","jetpack_publicize_connections":[],"featured_image_urls":{"full":["https:\/\/pornuestrolaredo.com\/wp-content\/uploads\/2026\/03\/107FM-20260306-1.png",850,478,false],"thumbnail":["https:\/\/pornuestrolaredo.com\/wp-content\/uploads\/2026\/03\/107FM-20260306-1-150x150.png",150,150,true],"medium":["https:\/\/pornuestrolaredo.com\/wp-content\/uploads\/2026\/03\/107FM-20260306-1-300x169.png",300,169,true],"medium_large":["https:\/\/pornuestrolaredo.com\/wp-content\/uploads\/2026\/03\/107FM-20260306-1-768x432.png",640,360,true],"large":["https:\/\/pornuestrolaredo.com\/wp-content\/uploads\/2026\/03\/107FM-20260306-1.png",640,360,false],"1536x1536":["https:\/\/pornuestrolaredo.com\/wp-content\/uploads\/2026\/03\/107FM-20260306-1.png",850,478,false],"2048x2048":["https:\/\/pornuestrolaredo.com\/wp-content\/uploads\/2026\/03\/107FM-20260306-1.png",850,478,false],"morenews-large":["https:\/\/pornuestrolaredo.com\/wp-content\/uploads\/2026\/03\/107FM-20260306-1-825x478.png",825,478,true],"morenews-medium":["https:\/\/pornuestrolaredo.com\/wp-content\/uploads\/2026\/03\/107FM-20260306-1-590x410.png",590,410,true]},"author_info":{"info":["Redactor"]},"category_info":"<a href=\"https:\/\/pornuestrolaredo.com\/?cat=34\" rel=\"category\">Far\u00e1ndula<\/a>","tag_info":"Far\u00e1ndula","comment_count":"0","jetpack_featured_media_url":"https:\/\/pornuestrolaredo.com\/wp-content\/uploads\/2026\/03\/107FM-20260306-1.png","jetpack_sharing_enabled":true,"_links":{"self":[{"href":"https:\/\/pornuestrolaredo.com\/index.php?rest_route=\/wp\/v2\/posts\/7914","targetHints":{"allow":["GET"]}}],"collection":[{"href":"https:\/\/pornuestrolaredo.com\/index.php?rest_route=\/wp\/v2\/posts"}],"about":[{"href":"https:\/\/pornuestrolaredo.com\/index.php?rest_route=\/wp\/v2\/types\/post"}],"author":[{"embeddable":true,"href":"https:\/\/pornuestrolaredo.com\/index.php?rest_route=\/wp\/v2\/users\/1"}],"replies":[{"embeddable":true,"href":"https:\/\/pornuestrolaredo.com\/index.php?rest_route=%2Fwp%2Fv2%2Fcomments&post=7914"}],"version-history":[{"count":1,"href":"https:\/\/pornuestrolaredo.com\/index.php?rest_route=\/wp\/v2\/posts\/7914\/revisions"}],"predecessor-version":[{"id":7916,"href":"https:\/\/pornuestrolaredo.com\/index.php?rest_route=\/wp\/v2\/posts\/7914\/revisions\/7916"}],"wp:featuredmedia":[{"embeddable":true,"href":"https:\/\/pornuestrolaredo.com\/index.php?rest_route=\/wp\/v2\/media\/7915"}],"wp:attachment":[{"href":"https:\/\/pornuestrolaredo.com\/index.php?rest_route=%2Fwp%2Fv2%2Fmedia&parent=7914"}],"wp:term":[{"taxonomy":"category","embeddable":true,"href":"https:\/\/pornuestrolaredo.com\/index.php?rest_route=%2Fwp%2Fv2%2Fcategories&post=7914"},{"taxonomy":"post_tag","embeddable":true,"href":"https:\/\/pornuestrolaredo.com\/index.php?rest_route=%2Fwp%2Fv2%2Ftags&post=7914"}],"curies":[{"name":"wp","href":"https:\/\/api.w.org\/{rel}","templated":true}]}}