{"id":7917,"date":"2026-03-06T13:55:35","date_gmt":"2026-03-06T19:55:35","guid":{"rendered":"https:\/\/pornuestrolaredo.com\/?p=7917"},"modified":"2026-03-06T13:55:35","modified_gmt":"2026-03-06T19:55:35","slug":"huye-cristiano-ronaldo-de-arabia-saudita","status":"publish","type":"post","link":"https:\/\/pornuestrolaredo.com\/?p=7917","title":{"rendered":"Huye Cristiano Ronaldo de Arabia Saudita"},"content":{"rendered":"<p>MADRID.- Luego de que Ir\u00e1n alcanzara esta semana la embajada de Estados Unidos en la capital de Arabia Saudita con drones, como parte de sus ataques a objetivos en toda la regi\u00f3n, Cristiano Ronaldo huy\u00f3 con su familia a bordo de su jet privado. El destino elegido para alejarse del conflicto b\u00e9lico fue Madrid, capital de Espa\u00f1a.<\/p>\n<p>Seg\u00fan se inform\u00f3 en LN+, el delantero luso aterriz\u00f3 hace pocas horas en la ciudad espa\u00f1ola. Reportes de medios locales incluyeron im\u00e1genes de radar con el trayecto que hizo el avi\u00f3n.<\/p>\n<p>Durante su etapa en el Real Madrid, Ronaldo residi\u00f3 en una imponente propiedad en La Finca, una de las zonas m\u00e1s exclusivas de Madrid. Dise\u00f1ada por el arquitecto Joaqu\u00edn Torres, la casa refleja el estilo de vida sofisticado del futbolista, con un dise\u00f1o moderno y amplios espacios interiores.<\/p>\n<p>La residencia, de 4500 metros cuadrados, cuenta con 36 habitaciones, entre ellas varias suites de 70 metros cuadrados, adem\u00e1s de un gimnasio, sauna y un garaje con capacidad para seis veh\u00edculos.<\/p>\n","protected":false},"excerpt":{"rendered":"<p>El jugador estrella de futbol toma un jet privado y regresa a su mansi\u00f3n en una exclusiva zona de Madrid<\/p>\n","protected":false},"author":1,"featured_media":7918,"comment_status":"closed","ping_status":"closed","sticky":false,"template":"","format":"aside","meta":{"_crdt_document":"","_jetpack_memberships_contains_paid_content":false,"footnotes":"","jetpack_publicize_message":"","jetpack_publicize_feature_enabled":true,"jetpack_social_post_already_shared":true,"jetpack_social_options":{"image_generator_settings":{"template":"highway","default_image_id":0,"font":"","enabled":false},"version":2},"_wpas_customize_per_network":false},"categories":[9],"tags":[],"class_list":["post-7917","post","type-post","status-publish","format-aside","has-post-thumbnail","hentry","category-el-mundo","post_format-post-format-aside"],"magazineBlocksPostFeaturedMedia":{"thumbnail":"https:\/\/pornuestrolaredo.com\/wp-content\/uploads\/2026\/03\/Stereo91-20260306-2-150x150.png","medium":"https:\/\/pornuestrolaredo.com\/wp-content\/uploads\/2026\/03\/Stereo91-20260306-2-300x200.png","medium_large":"https:\/\/pornuestrolaredo.com\/wp-content\/uploads\/2026\/03\/Stereo91-20260306-2-768x512.png","large":"https:\/\/pornuestrolaredo.com\/wp-content\/uploads\/2026\/03\/Stereo91-20260306-2.png","1536x1536":"https:\/\/pornuestrolaredo.com\/wp-content\/uploads\/2026\/03\/Stereo91-20260306-2.png","2048x2048":"https:\/\/pornuestrolaredo.com\/wp-content\/uploads\/2026\/03\/Stereo91-20260306-2.png","morenews-large":"https:\/\/pornuestrolaredo.com\/wp-content\/uploads\/2026\/03\/Stereo91-20260306-2-825x567.png","morenews-medium":"https:\/\/pornuestrolaredo.com\/wp-content\/uploads\/2026\/03\/Stereo91-20260306-2-590x410.png"},"magazineBlocksPostAuthor":{"name":"Redactor","avatar":"https:\/\/pornuestrolaredo.com\/wp-content\/litespeed\/avatar\/dca1d7ec750c399f025f23b0b314f4cf.jpg?ver=1777007253"},"magazineBlocksPostCommentsNumber":false,"magazineBlocksPostExcerpt":"El jugador estrella de futbol toma un jet privado y regresa a su mansi\u00f3n en una exclusiva zona de Madrid","magazineBlocksPostCategories":["El Mundo"],"magazineBlocksPostViewCount":84,"magazineBlocksPostReadTime":1,"magazine_blocks_featured_image_url":{"full":["https:\/\/pornuestrolaredo.com\/wp-content\/uploads\/2026\/03\/Stereo91-20260306-2.png",850,567,false],"medium":["https:\/\/pornuestrolaredo.com\/wp-content\/uploads\/2026\/03\/Stereo91-20260306-2-300x200.png",300,200,true],"thumbnail":["https:\/\/pornuestrolaredo.com\/wp-content\/uploads\/2026\/03\/Stereo91-20260306-2-150x150.png",150,150,true]},"magazine_blocks_author":{"display_name":"Redactor","author_link":"https:\/\/pornuestrolaredo.com\/?author=1"},"magazine_blocks_comment":0,"magazine_blocks_author_image":"https:\/\/pornuestrolaredo.com\/wp-content\/litespeed\/avatar\/dca1d7ec750c399f025f23b0b314f4cf.jpg?ver=1777007253","magazine_blocks_category":"<a href=\"#\" class=\"category-link category-link-9\">El Mundo<\/a>","jetpack_publicize_connections":[],"featured_image_urls":{"full":["https:\/\/pornuestrolaredo.com\/wp-content\/uploads\/2026\/03\/Stereo91-20260306-2.png",850,567,false],"thumbnail":["https:\/\/pornuestrolaredo.com\/wp-content\/uploads\/2026\/03\/Stereo91-20260306-2-150x150.png",150,150,true],"medium":["https:\/\/pornuestrolaredo.com\/wp-content\/uploads\/2026\/03\/Stereo91-20260306-2-300x200.png",300,200,true],"medium_large":["https:\/\/pornuestrolaredo.com\/wp-content\/uploads\/2026\/03\/Stereo91-20260306-2-768x512.png",640,427,true],"large":["https:\/\/pornuestrolaredo.com\/wp-content\/uploads\/2026\/03\/Stereo91-20260306-2.png",640,427,false],"1536x1536":["https:\/\/pornuestrolaredo.com\/wp-content\/uploads\/2026\/03\/Stereo91-20260306-2.png",850,567,false],"2048x2048":["https:\/\/pornuestrolaredo.com\/wp-content\/uploads\/2026\/03\/Stereo91-20260306-2.png",850,567,false],"morenews-large":["https:\/\/pornuestrolaredo.com\/wp-content\/uploads\/2026\/03\/Stereo91-20260306-2-825x567.png",825,567,true],"morenews-medium":["https:\/\/pornuestrolaredo.com\/wp-content\/uploads\/2026\/03\/Stereo91-20260306-2-590x410.png",590,410,true]},"author_info":{"info":["Redactor"]},"category_info":"<a href=\"https:\/\/pornuestrolaredo.com\/?cat=9\" rel=\"category\">El Mundo<\/a>","tag_info":"El Mundo","comment_count":"0","jetpack_featured_media_url":"https:\/\/pornuestrolaredo.com\/wp-content\/uploads\/2026\/03\/Stereo91-20260306-2.png","jetpack_sharing_enabled":true,"_links":{"self":[{"href":"https:\/\/pornuestrolaredo.com\/index.php?rest_route=\/wp\/v2\/posts\/7917","targetHints":{"allow":["GET"]}}],"collection":[{"href":"https:\/\/pornuestrolaredo.com\/index.php?rest_route=\/wp\/v2\/posts"}],"about":[{"href":"https:\/\/pornuestrolaredo.com\/index.php?rest_route=\/wp\/v2\/types\/post"}],"author":[{"embeddable":true,"href":"https:\/\/pornuestrolaredo.com\/index.php?rest_route=\/wp\/v2\/users\/1"}],"replies":[{"embeddable":true,"href":"https:\/\/pornuestrolaredo.com\/index.php?rest_route=%2Fwp%2Fv2%2Fcomments&post=7917"}],"version-history":[{"count":1,"href":"https:\/\/pornuestrolaredo.com\/index.php?rest_route=\/wp\/v2\/posts\/7917\/revisions"}],"predecessor-version":[{"id":7919,"href":"https:\/\/pornuestrolaredo.com\/index.php?rest_route=\/wp\/v2\/posts\/7917\/revisions\/7919"}],"wp:featuredmedia":[{"embeddable":true,"href":"https:\/\/pornuestrolaredo.com\/index.php?rest_route=\/wp\/v2\/media\/7918"}],"wp:attachment":[{"href":"https:\/\/pornuestrolaredo.com\/index.php?rest_route=%2Fwp%2Fv2%2Fmedia&parent=7917"}],"wp:term":[{"taxonomy":"category","embeddable":true,"href":"https:\/\/pornuestrolaredo.com\/index.php?rest_route=%2Fwp%2Fv2%2Fcategories&post=7917"},{"taxonomy":"post_tag","embeddable":true,"href":"https:\/\/pornuestrolaredo.com\/index.php?rest_route=%2Fwp%2Fv2%2Ftags&post=7917"}],"curies":[{"name":"wp","href":"https:\/\/api.w.org\/{rel}","templated":true}]}}