{"id":7930,"date":"2026-03-10T14:15:43","date_gmt":"2026-03-10T19:15:43","guid":{"rendered":"https:\/\/pornuestrolaredo.com\/?p=7930"},"modified":"2026-03-10T14:15:43","modified_gmt":"2026-03-10T19:15:43","slug":"libera-ice-a-hermanos-mariachis-y-sus-padres","status":"publish","type":"post","link":"https:\/\/pornuestrolaredo.com\/?p=7930","title":{"rendered":"Libera ICE a hermanos mariachis y sus padres"},"content":{"rendered":"<p>AUSTIN, Texas.- Las autoridades migratorias liberaron a dos prometedores j\u00f3venes m\u00fasicos de mariachi y sus padres, que estuvieron presos en centros de detenci\u00f3n de ICE en Texas durante casi dos semanas tras ser detenidos por el Departamento de Seguridad Nacional (DHS, por sus siglas en ingl\u00e9s), inform\u00f3 en una publicaci\u00f3n en X el representante estadounidense Joaquin Castro.<\/p>\n<p>Caleb G\u00e1mez Cu\u00e9llar, de 14 a\u00f1os, y Joshua G\u00e1mez Cu\u00e9llar, de 12 a\u00f1os, hab\u00edan estado detenidos con sus padres en el Centro Residencial Familiar del Sur de Texas, una instalaci\u00f3n en Dilley.<\/p>\n<p>Su hermano, Antonio G\u00e1mez Cu\u00e9llar, de 18 a\u00f1os, tambi\u00e9n fue liberado tras haber estado detenido en una instalaci\u00f3n separada en Raymondville, Texas. El joven apareci\u00f3 en una conferencia de prensa el lunes con la representante Monica De La Cruz, una republicana de Texas, fuera de la instalaci\u00f3n.<\/p>\n<p>\u201cLa familia G\u00e1mez-Cu\u00e9llar ha sido liberada\u201d, dijo Castro en la publicaci\u00f3n junto a fotos de la familia. \u201cAhora los estamos llevando para reunirse con su hijo Antonio\u201d, dijo Castro.<\/p>\n<p>Un portavoz del DHS confirm\u00f3 la liberaci\u00f3n de la familia en una declaraci\u00f3n a CNN el lunes por la noche, y agreg\u00f3: \u201cTendr\u00e1n que presentarse a registros obligatorios con las autoridades de ICE\u201d.<\/p>\n<p>El lunes por la noche, la familia habl\u00f3 con los medios sobre su experiencia. Luis Antonio G\u00e1mez Mart\u00ednez, el padre de los hermanos, calific\u00f3 la instalaci\u00f3n de Dilley como un \u201clugar horrible\u201d y agradeci\u00f3 a todos los que los apoyaron.<\/p>\n<p>Hace menos de un a\u00f1o, los dos hermanos mayores fueron reconocidos en el Capitolio por sus actuaciones galardonadas en un destacado grupo de mariachi de escuela secundaria. La noticia de la detenci\u00f3n de los talentosos m\u00fasicos se hab\u00eda difundido por su ciudad natal de McAllen, Texas, y por la activa comunidad de m\u00fasicos de mariachi en la zona y en todo el pa\u00eds, mientras algunos l\u00edderes estatales denuncian las t\u00e1cticas del DHS que una vez m\u00e1s han llevado a menores a custodia federal.<\/p>\n<p>Los j\u00f3venes m\u00fasicos se suman a una lista creciente de ni\u00f1os y adolescentes atrapados en la ofensiva migratoria del Gobierno de Trump, incluido Liam Conejo Ramos, de 5 a\u00f1os, cuya imagen conmovi\u00f3 corazones en todo el mundo cuando fue detenido en Minneapolis con un gorro de conejito y enviado al South Texas Family Residential Center, un centro de detenci\u00f3n de ICE en Texas, donde m\u00e1s tarde fue liberado.<\/p>\n<p>Los padres de los hermanos, Emma Guadalupe Cu\u00e9llar L\u00f3pez y Luis Antonio G\u00e1mez Mart\u00ednez, fueron arrestados por ICE el 25 de febrero, seg\u00fan el DHS, que dijo que ambos hab\u00edan estado viviendo en Estados Unidos ilegalmente. La familia ingres\u00f3 a Estados Unidos ilegalmente en 2023 cerca de Brownsville, Texas, seg\u00fan el DHS.<\/p>\n<p>\u201cEligieron traer consigo a su hijo adulto y a dos ni\u00f1os\u201d, dijo un portavoz del DHS en un comunicado anterior sobre la detenci\u00f3n.<\/p>\n<p>Castro y otros legisladores afirman que la familia cumpli\u00f3 con todas las normas necesarias para ingresar a Estados Unidos solicitando asilo.<\/p>\n","protected":false},"excerpt":{"rendered":"<p>Estaban en prisiones de Texas, acusados de violar las leyes migratorias, pese a que ingresaron a Estados Unidos con solicitud de asilo<\/p>\n","protected":false},"author":1,"featured_media":7931,"comment_status":"closed","ping_status":"closed","sticky":false,"template":"","format":"aside","meta":{"_crdt_document":"","_jetpack_memberships_contains_paid_content":false,"footnotes":"","jetpack_publicize_message":"","jetpack_publicize_feature_enabled":true,"jetpack_social_post_already_shared":true,"jetpack_social_options":{"image_generator_settings":{"template":"highway","default_image_id":0,"font":"","enabled":false},"version":2},"_wpas_customize_per_network":false},"categories":[9],"tags":[],"class_list":["post-7930","post","type-post","status-publish","format-aside","has-post-thumbnail","hentry","category-el-mundo","post_format-post-format-aside"],"magazineBlocksPostFeaturedMedia":{"thumbnail":"https:\/\/pornuestrolaredo.com\/wp-content\/uploads\/2026\/03\/Stereo91-20260310-1-150x150.jpg","medium":"https:\/\/pornuestrolaredo.com\/wp-content\/uploads\/2026\/03\/Stereo91-20260310-1-300x169.jpg","medium_large":"https:\/\/pornuestrolaredo.com\/wp-content\/uploads\/2026\/03\/Stereo91-20260310-1-768x433.jpg","large":"https:\/\/pornuestrolaredo.com\/wp-content\/uploads\/2026\/03\/Stereo91-20260310-1.jpg","1536x1536":"https:\/\/pornuestrolaredo.com\/wp-content\/uploads\/2026\/03\/Stereo91-20260310-1.jpg","2048x2048":"https:\/\/pornuestrolaredo.com\/wp-content\/uploads\/2026\/03\/Stereo91-20260310-1.jpg","morenews-large":"https:\/\/pornuestrolaredo.com\/wp-content\/uploads\/2026\/03\/Stereo91-20260310-1-825x479.jpg","morenews-medium":"https:\/\/pornuestrolaredo.com\/wp-content\/uploads\/2026\/03\/Stereo91-20260310-1-590x410.jpg"},"magazineBlocksPostAuthor":{"name":"Redactor","avatar":"https:\/\/pornuestrolaredo.com\/wp-content\/litespeed\/avatar\/dca1d7ec750c399f025f23b0b314f4cf.jpg?ver=1777007253"},"magazineBlocksPostCommentsNumber":false,"magazineBlocksPostExcerpt":"Estaban en prisiones de Texas, acusados de violar las leyes migratorias, pese a que ingresaron a Estados Unidos con solicitud de asilo","magazineBlocksPostCategories":["El Mundo"],"magazineBlocksPostViewCount":93,"magazineBlocksPostReadTime":3,"magazine_blocks_featured_image_url":{"full":["https:\/\/pornuestrolaredo.com\/wp-content\/uploads\/2026\/03\/Stereo91-20260310-1.jpg",850,479,false],"medium":["https:\/\/pornuestrolaredo.com\/wp-content\/uploads\/2026\/03\/Stereo91-20260310-1-300x169.jpg",300,169,true],"thumbnail":["https:\/\/pornuestrolaredo.com\/wp-content\/uploads\/2026\/03\/Stereo91-20260310-1-150x150.jpg",150,150,true]},"magazine_blocks_author":{"display_name":"Redactor","author_link":"https:\/\/pornuestrolaredo.com\/?author=1"},"magazine_blocks_comment":0,"magazine_blocks_author_image":"https:\/\/pornuestrolaredo.com\/wp-content\/litespeed\/avatar\/dca1d7ec750c399f025f23b0b314f4cf.jpg?ver=1777007253","magazine_blocks_category":"<a href=\"#\" class=\"category-link category-link-9\">El Mundo<\/a>","jetpack_publicize_connections":[],"featured_image_urls":{"full":["https:\/\/pornuestrolaredo.com\/wp-content\/uploads\/2026\/03\/Stereo91-20260310-1.jpg",850,479,false],"thumbnail":["https:\/\/pornuestrolaredo.com\/wp-content\/uploads\/2026\/03\/Stereo91-20260310-1-150x150.jpg",150,150,true],"medium":["https:\/\/pornuestrolaredo.com\/wp-content\/uploads\/2026\/03\/Stereo91-20260310-1-300x169.jpg",300,169,true],"medium_large":["https:\/\/pornuestrolaredo.com\/wp-content\/uploads\/2026\/03\/Stereo91-20260310-1-768x433.jpg",640,361,true],"large":["https:\/\/pornuestrolaredo.com\/wp-content\/uploads\/2026\/03\/Stereo91-20260310-1.jpg",640,361,false],"1536x1536":["https:\/\/pornuestrolaredo.com\/wp-content\/uploads\/2026\/03\/Stereo91-20260310-1.jpg",850,479,false],"2048x2048":["https:\/\/pornuestrolaredo.com\/wp-content\/uploads\/2026\/03\/Stereo91-20260310-1.jpg",850,479,false],"morenews-large":["https:\/\/pornuestrolaredo.com\/wp-content\/uploads\/2026\/03\/Stereo91-20260310-1-825x479.jpg",825,479,true],"morenews-medium":["https:\/\/pornuestrolaredo.com\/wp-content\/uploads\/2026\/03\/Stereo91-20260310-1-590x410.jpg",590,410,true]},"author_info":{"info":["Redactor"]},"category_info":"<a href=\"https:\/\/pornuestrolaredo.com\/?cat=9\" rel=\"category\">El Mundo<\/a>","tag_info":"El Mundo","comment_count":"0","jetpack_featured_media_url":"https:\/\/pornuestrolaredo.com\/wp-content\/uploads\/2026\/03\/Stereo91-20260310-1.jpg","jetpack_sharing_enabled":true,"_links":{"self":[{"href":"https:\/\/pornuestrolaredo.com\/index.php?rest_route=\/wp\/v2\/posts\/7930","targetHints":{"allow":["GET"]}}],"collection":[{"href":"https:\/\/pornuestrolaredo.com\/index.php?rest_route=\/wp\/v2\/posts"}],"about":[{"href":"https:\/\/pornuestrolaredo.com\/index.php?rest_route=\/wp\/v2\/types\/post"}],"author":[{"embeddable":true,"href":"https:\/\/pornuestrolaredo.com\/index.php?rest_route=\/wp\/v2\/users\/1"}],"replies":[{"embeddable":true,"href":"https:\/\/pornuestrolaredo.com\/index.php?rest_route=%2Fwp%2Fv2%2Fcomments&post=7930"}],"version-history":[{"count":1,"href":"https:\/\/pornuestrolaredo.com\/index.php?rest_route=\/wp\/v2\/posts\/7930\/revisions"}],"predecessor-version":[{"id":7932,"href":"https:\/\/pornuestrolaredo.com\/index.php?rest_route=\/wp\/v2\/posts\/7930\/revisions\/7932"}],"wp:featuredmedia":[{"embeddable":true,"href":"https:\/\/pornuestrolaredo.com\/index.php?rest_route=\/wp\/v2\/media\/7931"}],"wp:attachment":[{"href":"https:\/\/pornuestrolaredo.com\/index.php?rest_route=%2Fwp%2Fv2%2Fmedia&parent=7930"}],"wp:term":[{"taxonomy":"category","embeddable":true,"href":"https:\/\/pornuestrolaredo.com\/index.php?rest_route=%2Fwp%2Fv2%2Fcategories&post=7930"},{"taxonomy":"post_tag","embeddable":true,"href":"https:\/\/pornuestrolaredo.com\/index.php?rest_route=%2Fwp%2Fv2%2Ftags&post=7930"}],"curies":[{"name":"wp","href":"https:\/\/api.w.org\/{rel}","templated":true}]}}