{"id":7933,"date":"2026-03-10T14:31:16","date_gmt":"2026-03-10T19:31:16","guid":{"rendered":"https:\/\/pornuestrolaredo.com\/?p=7933"},"modified":"2026-03-10T14:31:16","modified_gmt":"2026-03-10T19:31:16","slug":"localizan-tercera-victima-de-derrumbe-de-edificio","status":"publish","type":"post","link":"https:\/\/pornuestrolaredo.com\/?p=7933","title":{"rendered":"Localizan tercera v\u00edctima de derrumbe de edificio"},"content":{"rendered":"<p><strong>CIUDAD DE M\u00c9XICO.-<\/strong>  Rescatistas de la Ciudad de M\u00e9xico localizaron este martes el tercer cuerpo de las personas que quedaron atrapadas tras el colapso de un edificio en proceso de demolici\u00f3n en el centro de la Ciudad de M\u00e9xico, inform\u00f3 la Secretar\u00eda de Gesti\u00f3n Integral de Riesgos y Protecci\u00f3n Civil capitalina, aunque a\u00fan trabajan en su rescate.<\/p>\n<p>Horas antes, Juan Manuel P\u00e9rez Cova, director del Heroico Cuerpo de Bomberos, precis\u00f3 que durante las primeras horas de este martes se hab\u00eda localizado el segundo cuerpo de los tres que hab\u00edan quedado atrapados tras el derrumbe.<\/p>\n<p>El derrumbe ocurri\u00f3 la tarde del lunes en un inmueble ubicado en la intersecci\u00f3n de la Calzada San Antonio Abad y Alfredo Chavero, en la colonia Tr\u00e1nsito de la alcald\u00eda Cuauht\u00e9moc, en el centro de la capital.<\/p>\n<p>Seg\u00fan autoridades locales, el edificio estaba siendo demolido debido a da\u00f1os estructurales ocasionados por los terremotos de 1985 y 2017 en M\u00e9xico.<\/p>\n<p>Un trabajador m\u00e1s fue rescatado poco despu\u00e9s del colapso y trasladado a un hospital con \u201cpolitraumatismos\u201d, seg\u00fan detall\u00f3 la jefa de Gobierno de la capital, Clara Brugada.<\/p>\n<p>La Secretar\u00eda de Seguridad Ciudadana de la Ciudad de M\u00e9xico se\u00f1al\u00f3 que el incidente ocurri\u00f3 por un \u201ccolapso no controlado\u201d mientras los trabajadores realizaban labores de demolici\u00f3n en el tercer nivel del inmueble.<\/p>\n<p>Las autoridades indicaron que decenas de empleados de una empresa privada se encontraban en el edificio y en sus alrededores al momento del derrumbe, por lo que se evacu\u00f3 a 57 personas de la zona.<\/p>\n","protected":false},"excerpt":{"rendered":"<p>La tarde del lunes, una construcci\u00f3n da\u00f1ada por sismos se desplom\u00f3 mientras hab\u00eda dentro varios trabajadores<\/p>\n","protected":false},"author":1,"featured_media":7934,"comment_status":"closed","ping_status":"closed","sticky":false,"template":"","format":"aside","meta":{"_crdt_document":"","_jetpack_memberships_contains_paid_content":false,"footnotes":"","jetpack_publicize_message":"","jetpack_publicize_feature_enabled":true,"jetpack_social_post_already_shared":true,"jetpack_social_options":{"image_generator_settings":{"template":"highway","default_image_id":0,"font":"","enabled":false},"version":2},"_wpas_customize_per_network":false},"categories":[33],"tags":[],"class_list":["post-7933","post","type-post","status-publish","format-aside","has-post-thumbnail","hentry","category-mexico","post_format-post-format-aside"],"magazineBlocksPostFeaturedMedia":{"thumbnail":"https:\/\/pornuestrolaredo.com\/wp-content\/uploads\/2026\/03\/Stereo91-20260310-2-150x150.jpg","medium":"https:\/\/pornuestrolaredo.com\/wp-content\/uploads\/2026\/03\/Stereo91-20260310-2-300x182.jpg","medium_large":"https:\/\/pornuestrolaredo.com\/wp-content\/uploads\/2026\/03\/Stereo91-20260310-2-768x467.jpg","large":"https:\/\/pornuestrolaredo.com\/wp-content\/uploads\/2026\/03\/Stereo91-20260310-2-1000x608.jpg","1536x1536":"https:\/\/pornuestrolaredo.com\/wp-content\/uploads\/2026\/03\/Stereo91-20260310-2-1536x933.jpg","2048x2048":"https:\/\/pornuestrolaredo.com\/wp-content\/uploads\/2026\/03\/Stereo91-20260310-2.jpg","morenews-large":"https:\/\/pornuestrolaredo.com\/wp-content\/uploads\/2026\/03\/Stereo91-20260310-2-825x575.jpg","morenews-medium":"https:\/\/pornuestrolaredo.com\/wp-content\/uploads\/2026\/03\/Stereo91-20260310-2-590x410.jpg"},"magazineBlocksPostAuthor":{"name":"Redactor","avatar":"https:\/\/pornuestrolaredo.com\/wp-content\/litespeed\/avatar\/dca1d7ec750c399f025f23b0b314f4cf.jpg?ver=1777007253"},"magazineBlocksPostCommentsNumber":false,"magazineBlocksPostExcerpt":"La tarde del lunes, una construcci\u00f3n da\u00f1ada por sismos se desplom\u00f3 mientras hab\u00eda dentro varios trabajadores","magazineBlocksPostCategories":["Mexico"],"magazineBlocksPostViewCount":83,"magazineBlocksPostReadTime":2,"magazine_blocks_featured_image_url":{"full":["https:\/\/pornuestrolaredo.com\/wp-content\/uploads\/2026\/03\/Stereo91-20260310-2.jpg",1924,1169,false],"medium":["https:\/\/pornuestrolaredo.com\/wp-content\/uploads\/2026\/03\/Stereo91-20260310-2-300x182.jpg",300,182,true],"thumbnail":["https:\/\/pornuestrolaredo.com\/wp-content\/uploads\/2026\/03\/Stereo91-20260310-2-150x150.jpg",150,150,true]},"magazine_blocks_author":{"display_name":"Redactor","author_link":"https:\/\/pornuestrolaredo.com\/?author=1"},"magazine_blocks_comment":0,"magazine_blocks_author_image":"https:\/\/pornuestrolaredo.com\/wp-content\/litespeed\/avatar\/dca1d7ec750c399f025f23b0b314f4cf.jpg?ver=1777007253","magazine_blocks_category":"<a href=\"#\" class=\"category-link category-link-33\">Mexico<\/a>","jetpack_publicize_connections":[],"featured_image_urls":{"full":["https:\/\/pornuestrolaredo.com\/wp-content\/uploads\/2026\/03\/Stereo91-20260310-2.jpg",1924,1169,false],"thumbnail":["https:\/\/pornuestrolaredo.com\/wp-content\/uploads\/2026\/03\/Stereo91-20260310-2-150x150.jpg",150,150,true],"medium":["https:\/\/pornuestrolaredo.com\/wp-content\/uploads\/2026\/03\/Stereo91-20260310-2-300x182.jpg",300,182,true],"medium_large":["https:\/\/pornuestrolaredo.com\/wp-content\/uploads\/2026\/03\/Stereo91-20260310-2-768x467.jpg",640,389,true],"large":["https:\/\/pornuestrolaredo.com\/wp-content\/uploads\/2026\/03\/Stereo91-20260310-2-1000x608.jpg",640,389,true],"1536x1536":["https:\/\/pornuestrolaredo.com\/wp-content\/uploads\/2026\/03\/Stereo91-20260310-2-1536x933.jpg",1536,933,true],"2048x2048":["https:\/\/pornuestrolaredo.com\/wp-content\/uploads\/2026\/03\/Stereo91-20260310-2.jpg",1924,1169,false],"morenews-large":["https:\/\/pornuestrolaredo.com\/wp-content\/uploads\/2026\/03\/Stereo91-20260310-2-825x575.jpg",825,575,true],"morenews-medium":["https:\/\/pornuestrolaredo.com\/wp-content\/uploads\/2026\/03\/Stereo91-20260310-2-590x410.jpg",590,410,true]},"author_info":{"info":["Redactor"]},"category_info":"<a href=\"https:\/\/pornuestrolaredo.com\/?cat=33\" rel=\"category\">Mexico<\/a>","tag_info":"Mexico","comment_count":"0","jetpack_featured_media_url":"https:\/\/pornuestrolaredo.com\/wp-content\/uploads\/2026\/03\/Stereo91-20260310-2.jpg","jetpack_sharing_enabled":true,"_links":{"self":[{"href":"https:\/\/pornuestrolaredo.com\/index.php?rest_route=\/wp\/v2\/posts\/7933","targetHints":{"allow":["GET"]}}],"collection":[{"href":"https:\/\/pornuestrolaredo.com\/index.php?rest_route=\/wp\/v2\/posts"}],"about":[{"href":"https:\/\/pornuestrolaredo.com\/index.php?rest_route=\/wp\/v2\/types\/post"}],"author":[{"embeddable":true,"href":"https:\/\/pornuestrolaredo.com\/index.php?rest_route=\/wp\/v2\/users\/1"}],"replies":[{"embeddable":true,"href":"https:\/\/pornuestrolaredo.com\/index.php?rest_route=%2Fwp%2Fv2%2Fcomments&post=7933"}],"version-history":[{"count":1,"href":"https:\/\/pornuestrolaredo.com\/index.php?rest_route=\/wp\/v2\/posts\/7933\/revisions"}],"predecessor-version":[{"id":7935,"href":"https:\/\/pornuestrolaredo.com\/index.php?rest_route=\/wp\/v2\/posts\/7933\/revisions\/7935"}],"wp:featuredmedia":[{"embeddable":true,"href":"https:\/\/pornuestrolaredo.com\/index.php?rest_route=\/wp\/v2\/media\/7934"}],"wp:attachment":[{"href":"https:\/\/pornuestrolaredo.com\/index.php?rest_route=%2Fwp%2Fv2%2Fmedia&parent=7933"}],"wp:term":[{"taxonomy":"category","embeddable":true,"href":"https:\/\/pornuestrolaredo.com\/index.php?rest_route=%2Fwp%2Fv2%2Fcategories&post=7933"},{"taxonomy":"post_tag","embeddable":true,"href":"https:\/\/pornuestrolaredo.com\/index.php?rest_route=%2Fwp%2Fv2%2Ftags&post=7933"}],"curies":[{"name":"wp","href":"https:\/\/api.w.org\/{rel}","templated":true}]}}