{"id":798,"date":"2022-10-30T18:31:41","date_gmt":"2022-10-30T18:31:41","guid":{"rendered":"https:\/\/pornuestrolaredo.com\/?p=798"},"modified":"2022-10-30T18:31:43","modified_gmt":"2022-10-30T18:31:43","slug":"%ef%bf%bcayudara-embajador-de-eu-a-impulsar-economia-de-los-dos-laredos","status":"publish","type":"post","link":"https:\/\/pornuestrolaredo.com\/?p=798","title":{"rendered":"\ufffcAyudar\u00e1 embajador de EU a impulsar econom\u00eda de los dos Laredos"},"content":{"rendered":"\n<p class=\"wp-block-paragraph\"><strong><em>NUEVO LAREDO.-<\/em><\/strong> Como parte de la buena relaci\u00f3n entre los gobiernos de M\u00e9xico y Estados Unidos, el embajador americano Ken Salazar asisti\u00f3 a la clausura del Foro INDEX NLD 2022, donde fue acompa\u00f1ado por la alcaldesa Carmen Lilia Canturosas Villarreal y reiteraron su compromiso para trabajar en conjunto para detonar la econom\u00eda en la regi\u00f3n de los Dos Laredos.<\/p>\n\n\n\n<p class=\"wp-block-paragraph\">Por ello, la presidenta municipal reconoci\u00f3 a Salazar como un aliado de la frontera entre Nuevo Laredo y Laredo, Texas por su inter\u00e9s y compromiso para el crecimiento y desarrollo de la zona, no s\u00f3lo en lo econ\u00f3mico, sino en su infraestructura y bienestar de la comunidad.<\/p>\n\n\n\n<blockquote class=\"wp-block-quote is-layout-flow wp-block-quote-is-layout-flow\"><p>Tenemos una cercan\u00eda importante con Estados Unidos que desde hace tiempo no se daba y ahora estamos en planes de crecimiento en diferentes rubros como el econ\u00f3mico, desarrollo metropolitano, ambiental, tambi\u00e9n tenemos proyectos educativos y seguimos impulsando el R\u00edo Binacional, trabajamos en fortalecer todos los rubros porque queremos una comunidad prospera\u201d, se\u00f1al\u00f3 la alcaldesa.<\/p><\/blockquote>\n\n\n\n<p class=\"wp-block-paragraph\">El embajador de Estados Unidos en M\u00e9xico recalc\u00f3 los esfuerzos de la presidenta municipal para gestionar proyectos importantes e impulsar el desarrollo econ\u00f3mico de los Dos Laredos sin dejar de lado el sentido social.<\/p>\n\n\n\n<blockquote class=\"wp-block-quote is-layout-flow wp-block-quote-is-layout-flow\"><p>La alcaldesa y el mayor Pete Saenz viajaron a Washington, D.C. para sostener reuniones conmigo y promover a los Dos Laredos, este compromiso que asumen fue reconocido por el presidente Joe Biden que a parte toma como ejemplo todo lo que sucede en la regi\u00f3n\u201d, destac\u00f3.<\/p><\/blockquote>\n\n\n\n<p class=\"wp-block-paragraph\">Tambi\u00e9n resalt\u00f3 la importancia de la gira de trabajo en Ciudad de M\u00e9xico para fomentar y conseguir recursos que permitan consolidar el proyecto del R\u00edo Binacional mediante un plan para sanear, proteger y preservar el R\u00edo Bravo.<\/p>\n\n\n\n<p class=\"wp-block-paragraph\">Otros programas que tienen en desarrollo es la implementaci\u00f3n de intercambios de estudiantes y brindar oportunidades de trabajo para mexicanos en Estados Unidos. La alcaldesa destac\u00f3 que en esta nueva era binacional que atraviesan los Laredos, adem\u00e1s de traer proyectos que detonar\u00e1n la econom\u00eda de la regi\u00f3n, tambi\u00e9n traer\u00e1&nbsp; bienestar para las comunidades de ambas fronteras que consolidar\u00e1 a ambas ciudades como un referente en competitividad sostenible.<\/p>\n","protected":false},"excerpt":{"rendered":"<p>NUEVO LAREDO.- Como parte de la buena relaci\u00f3n entre los gobiernos de M\u00e9xico y Estados Unidos, el embajador<\/p>\n","protected":false},"author":1,"featured_media":799,"comment_status":"open","ping_status":"open","sticky":false,"template":"","format":"standard","meta":{"_crdt_document":"","_jetpack_memberships_contains_paid_content":false,"footnotes":"","jetpack_publicize_message":"Anuncia la alcaldesa, Carmen Lilia Canturosas Villarreal, su compromiso para trabajar en conjunto para detonar la econom\u00eda en la regi\u00f3n","jetpack_publicize_feature_enabled":true,"jetpack_social_post_already_shared":true,"jetpack_social_options":{"image_generator_settings":{"template":"highway","default_image_id":0,"font":"","enabled":false},"version":2},"_wpas_customize_per_network":false},"categories":[5],"tags":[],"class_list":["post-798","post","type-post","status-publish","format-standard","has-post-thumbnail","hentry","category-dos-laredos"],"magazineBlocksPostFeaturedMedia":{"thumbnail":"https:\/\/pornuestrolaredo.com\/wp-content\/uploads\/2022\/10\/PNL-20221030-2-150x150.jpg","medium":"https:\/\/pornuestrolaredo.com\/wp-content\/uploads\/2022\/10\/PNL-20221030-2-300x161.jpg","medium_large":"https:\/\/pornuestrolaredo.com\/wp-content\/uploads\/2022\/10\/PNL-20221030-2-768x412.jpg","large":"https:\/\/pornuestrolaredo.com\/wp-content\/uploads\/2022\/10\/PNL-20221030-2.jpg","1536x1536":"https:\/\/pornuestrolaredo.com\/wp-content\/uploads\/2022\/10\/PNL-20221030-2.jpg","2048x2048":"https:\/\/pornuestrolaredo.com\/wp-content\/uploads\/2022\/10\/PNL-20221030-2.jpg","morenews-large":"https:\/\/pornuestrolaredo.com\/wp-content\/uploads\/2022\/10\/PNL-20221030-2.jpg","morenews-medium":"https:\/\/pornuestrolaredo.com\/wp-content\/uploads\/2022\/10\/PNL-20221030-2.jpg"},"magazineBlocksPostAuthor":{"name":"Redactor","avatar":"https:\/\/pornuestrolaredo.com\/wp-content\/litespeed\/avatar\/dca1d7ec750c399f025f23b0b314f4cf.jpg?ver=1777612120"},"magazineBlocksPostCommentsNumber":false,"magazineBlocksPostExcerpt":"NUEVO LAREDO.- Como parte de la buena relaci\u00f3n entre los gobiernos de M\u00e9xico y Estados Unidos, el embajador","magazineBlocksPostCategories":["Dos Laredos"],"magazineBlocksPostViewCount":143,"magazineBlocksPostReadTime":2,"magazine_blocks_featured_image_url":{"full":["https:\/\/pornuestrolaredo.com\/wp-content\/uploads\/2022\/10\/PNL-20221030-2.jpg",992,532,false],"medium":["https:\/\/pornuestrolaredo.com\/wp-content\/uploads\/2022\/10\/PNL-20221030-2-300x161.jpg",300,161,true],"thumbnail":["https:\/\/pornuestrolaredo.com\/wp-content\/uploads\/2022\/10\/PNL-20221030-2-150x150.jpg",150,150,true]},"magazine_blocks_author":{"display_name":"Redactor","author_link":"https:\/\/pornuestrolaredo.com\/?author=1"},"magazine_blocks_comment":0,"magazine_blocks_author_image":"https:\/\/pornuestrolaredo.com\/wp-content\/litespeed\/avatar\/dca1d7ec750c399f025f23b0b314f4cf.jpg?ver=1777612120","magazine_blocks_category":"<a href=\"#\" class=\"category-link category-link-5\">Dos Laredos<\/a>","jetpack_publicize_connections":[],"featured_image_urls":{"full":["https:\/\/pornuestrolaredo.com\/wp-content\/uploads\/2022\/10\/PNL-20221030-2.jpg",992,532,false],"thumbnail":["https:\/\/pornuestrolaredo.com\/wp-content\/uploads\/2022\/10\/PNL-20221030-2-150x150.jpg",150,150,true],"medium":["https:\/\/pornuestrolaredo.com\/wp-content\/uploads\/2022\/10\/PNL-20221030-2-300x161.jpg",300,161,true],"medium_large":["https:\/\/pornuestrolaredo.com\/wp-content\/uploads\/2022\/10\/PNL-20221030-2-768x412.jpg",640,343,true],"large":["https:\/\/pornuestrolaredo.com\/wp-content\/uploads\/2022\/10\/PNL-20221030-2.jpg",640,343,false],"1536x1536":["https:\/\/pornuestrolaredo.com\/wp-content\/uploads\/2022\/10\/PNL-20221030-2.jpg",992,532,false],"2048x2048":["https:\/\/pornuestrolaredo.com\/wp-content\/uploads\/2022\/10\/PNL-20221030-2.jpg",992,532,false],"morenews-large":["https:\/\/pornuestrolaredo.com\/wp-content\/uploads\/2022\/10\/PNL-20221030-2.jpg",825,442,false],"morenews-medium":["https:\/\/pornuestrolaredo.com\/wp-content\/uploads\/2022\/10\/PNL-20221030-2.jpg",590,316,false]},"author_info":{"info":["Redactor"]},"category_info":"<a href=\"https:\/\/pornuestrolaredo.com\/?cat=5\" rel=\"category\">Dos Laredos<\/a>","tag_info":"Dos Laredos","comment_count":"0","jetpack_featured_media_url":"https:\/\/pornuestrolaredo.com\/wp-content\/uploads\/2022\/10\/PNL-20221030-2.jpg","jetpack_sharing_enabled":true,"_links":{"self":[{"href":"https:\/\/pornuestrolaredo.com\/index.php?rest_route=\/wp\/v2\/posts\/798","targetHints":{"allow":["GET"]}}],"collection":[{"href":"https:\/\/pornuestrolaredo.com\/index.php?rest_route=\/wp\/v2\/posts"}],"about":[{"href":"https:\/\/pornuestrolaredo.com\/index.php?rest_route=\/wp\/v2\/types\/post"}],"author":[{"embeddable":true,"href":"https:\/\/pornuestrolaredo.com\/index.php?rest_route=\/wp\/v2\/users\/1"}],"replies":[{"embeddable":true,"href":"https:\/\/pornuestrolaredo.com\/index.php?rest_route=%2Fwp%2Fv2%2Fcomments&post=798"}],"version-history":[{"count":1,"href":"https:\/\/pornuestrolaredo.com\/index.php?rest_route=\/wp\/v2\/posts\/798\/revisions"}],"predecessor-version":[{"id":800,"href":"https:\/\/pornuestrolaredo.com\/index.php?rest_route=\/wp\/v2\/posts\/798\/revisions\/800"}],"wp:featuredmedia":[{"embeddable":true,"href":"https:\/\/pornuestrolaredo.com\/index.php?rest_route=\/wp\/v2\/media\/799"}],"wp:attachment":[{"href":"https:\/\/pornuestrolaredo.com\/index.php?rest_route=%2Fwp%2Fv2%2Fmedia&parent=798"}],"wp:term":[{"taxonomy":"category","embeddable":true,"href":"https:\/\/pornuestrolaredo.com\/index.php?rest_route=%2Fwp%2Fv2%2Fcategories&post=798"},{"taxonomy":"post_tag","embeddable":true,"href":"https:\/\/pornuestrolaredo.com\/index.php?rest_route=%2Fwp%2Fv2%2Ftags&post=798"}],"curies":[{"name":"wp","href":"https:\/\/api.w.org\/{rel}","templated":true}]}}