{"id":807,"date":"2022-10-31T13:41:42","date_gmt":"2022-10-31T13:41:42","guid":{"rendered":"https:\/\/pornuestrolaredo.com\/?p=807"},"modified":"2022-10-31T13:41:44","modified_gmt":"2022-10-31T13:41:44","slug":"hay-altas-posibilidades-de-lluvia-lunes-y-martes-en-los-laredos","status":"publish","type":"post","link":"https:\/\/pornuestrolaredo.com\/?p=807","title":{"rendered":"Hay altas posibilidades de lluvia lunes y martes en los Laredos"},"content":{"rendered":"\n<p class=\"wp-block-paragraph\"><strong><em>LOS DOS LAREDOS.-<\/em><\/strong> Para este lunes y martes hay posibilidades de lluvia, especialmente durante la madrugada de ma\u00f1ana, de acuerdo con el pron\u00f3stico del Servicio Meteorol\u00f3gico de Estados Unidos (NWS, por sus siglas en ingles).<\/p>\n\n\n\n<p class=\"wp-block-paragraph\">Las probabilidades m\u00e1s altas para este lunes alcanzan <strong>75 por ciento<\/strong> a la medianoche, pero desde las 10:00 de la ma\u00f1ana aparecen, aunque en ese momento ser\u00e1n de apenas <strong>10 por ciento<\/strong> e ir\u00e1n aumentando con el transcurrir de las horas.<\/p>\n\n\n\n<p class=\"wp-block-paragraph\">El NWS, \u00fanico sistema con acceso a las estaciones meteorol\u00f3gicas de Laredo, Texas, y Nuevo Laredo, se\u00f1ala que a las 4:00 de la tarde las probabilidades alcanzar\u00e1n <strong>50 por ciento<\/strong> y hac\u00eda las 8:00 de la noche habr\u00e1 una baja, pero volver\u00e1n a subir hasta llegar al <strong>75 por ciento<\/strong>.<\/p>\n\n\n\n<p class=\"wp-block-paragraph\">De acuerdo con el pron\u00f3stico, este lunes podr\u00e1n caer 9.88 mil\u00edmetros de lluvia. Un mil\u00edmetro es el equivalente a un litro de agua esparcido en un metro cuadrado de superficie, eso significa que en una \u201cmanzana\u201d (100 por 100 metros) podr\u00edan caer 98 mil 800 litros.<\/p>\n\n\n\n<p class=\"wp-block-paragraph\">El cielo se mantendr\u00e1 mayormente nublado, con algunos periodos de sol, pero que desaparecer\u00e1n r\u00e1pidamente.<\/p>\n\n\n\n<p class=\"wp-block-paragraph\">Para la madrugada del martes, las posibilidades seguir\u00e1n aumentando y para las 2:00 de la ma\u00f1ana se espera que alcancen <strong>90 por ciento<\/strong>, aunque es probable que la lluvia sea bastante ligera o que termine muy r\u00e1pidamente.<\/p>\n\n\n\n<p class=\"wp-block-paragraph\">Ni lunes ni martes se espera fuerte actividad el\u00e9ctrica. El NWS asegura que truenos y rayos ser\u00e1n muy pocos.<\/p>\n\n\n\n<p class=\"wp-block-paragraph\">Para el mi\u00e9rcoles se mantienen las probabilidades de lluvias ligeras, aunque la m\u00e1xima est\u00e1 marcada en apenas <strong>30 por ciento<\/strong>.<\/p>\n\n\n\n<p class=\"wp-block-paragraph\">Recuerde que la Naturaleza es impredecible, por lo que el pron\u00f3stico puede cambiar de un momento a otro.<\/p>\n\n\n\n<p class=\"wp-block-paragraph\"><strong>PRON\u00d3STICO<\/strong><\/p>\n\n\n\n<p class=\"wp-block-paragraph\">El NWS lanz\u00f3 la ma\u00f1ana de este lunes su pron\u00f3stico para los siguientes tres d\u00edas:<\/p>\n\n\n\n<p class=\"wp-block-paragraph\">LUNES<\/p>\n\n\n\n<ul class=\"wp-block-list\"><li>M\u00e1xima 26C\/78F&nbsp;&nbsp;&nbsp;&nbsp;&nbsp;&nbsp;&nbsp; M\u00ednima 18C\/64F<\/li><li>Probabilidades de lluvia m\u00e1s altas: 75%<\/li><\/ul>\n\n\n\n<p class=\"wp-block-paragraph\">MARTES<\/p>\n\n\n\n<ul class=\"wp-block-list\"><li>M\u00e1xima 22C\/72F&nbsp;&nbsp;&nbsp;&nbsp;&nbsp;&nbsp;&nbsp; M\u00ednima 18C\/64F<\/li><li>Probabilidades de lluvia m\u00e1s altas: 90%<\/li><\/ul>\n\n\n\n<p class=\"wp-block-paragraph\">MI\u00c9RCOLES<\/p>\n\n\n\n<ul class=\"wp-block-list\"><li>M\u00e1xima 27C\/81F&nbsp;&nbsp;&nbsp;&nbsp;&nbsp;&nbsp;&nbsp; M\u00ednima 21C\/70F<\/li><li>Probabilidades de lluvia m\u00e1s altas: 30%<\/li><\/ul>\n","protected":false},"excerpt":{"rendered":"<p>LOS DOS LAREDOS.- Para este lunes y martes hay posibilidades de lluvia, especialmente durante la madrugada de ma\u00f1ana,<\/p>\n","protected":false},"author":1,"featured_media":808,"comment_status":"open","ping_status":"open","sticky":false,"template":"","format":"standard","meta":{"_crdt_document":"","_jetpack_memberships_contains_paid_content":false,"footnotes":"","jetpack_publicize_message":"Las m\u00e1s altas se dar\u00e1n durante la madrugada de ma\u00f1ana y no se descartan algunas precipitaciones el mi\u00e9rcoles","jetpack_publicize_feature_enabled":true,"jetpack_social_post_already_shared":true,"jetpack_social_options":{"image_generator_settings":{"template":"highway","default_image_id":0,"font":"","enabled":false},"version":2},"_wpas_customize_per_network":false},"categories":[5],"tags":[],"class_list":["post-807","post","type-post","status-publish","format-standard","has-post-thumbnail","hentry","category-dos-laredos"],"magazineBlocksPostFeaturedMedia":{"thumbnail":"https:\/\/pornuestrolaredo.com\/wp-content\/uploads\/2022\/10\/PNL-20221031-1-150x150.jpeg","medium":"https:\/\/pornuestrolaredo.com\/wp-content\/uploads\/2022\/10\/PNL-20221031-1-300x240.jpeg","medium_large":"https:\/\/pornuestrolaredo.com\/wp-content\/uploads\/2022\/10\/PNL-20221031-1-768x614.jpeg","large":"https:\/\/pornuestrolaredo.com\/wp-content\/uploads\/2022\/10\/PNL-20221031-1.jpeg","1536x1536":"https:\/\/pornuestrolaredo.com\/wp-content\/uploads\/2022\/10\/PNL-20221031-1.jpeg","2048x2048":"https:\/\/pornuestrolaredo.com\/wp-content\/uploads\/2022\/10\/PNL-20221031-1.jpeg","morenews-large":"https:\/\/pornuestrolaredo.com\/wp-content\/uploads\/2022\/10\/PNL-20221031-1.jpeg","morenews-medium":"https:\/\/pornuestrolaredo.com\/wp-content\/uploads\/2022\/10\/PNL-20221031-1.jpeg"},"magazineBlocksPostAuthor":{"name":"Redactor","avatar":"https:\/\/pornuestrolaredo.com\/wp-content\/litespeed\/avatar\/dca1d7ec750c399f025f23b0b314f4cf.jpg?ver=1777612120"},"magazineBlocksPostCommentsNumber":false,"magazineBlocksPostExcerpt":"LOS DOS LAREDOS.- Para este lunes y martes hay posibilidades de lluvia, especialmente durante la madrugada de ma\u00f1ana,","magazineBlocksPostCategories":["Dos Laredos"],"magazineBlocksPostViewCount":119,"magazineBlocksPostReadTime":2,"magazine_blocks_featured_image_url":{"full":["https:\/\/pornuestrolaredo.com\/wp-content\/uploads\/2022\/10\/PNL-20221031-1.jpeg",1000,800,false],"medium":["https:\/\/pornuestrolaredo.com\/wp-content\/uploads\/2022\/10\/PNL-20221031-1-300x240.jpeg",300,240,true],"thumbnail":["https:\/\/pornuestrolaredo.com\/wp-content\/uploads\/2022\/10\/PNL-20221031-1-150x150.jpeg",150,150,true]},"magazine_blocks_author":{"display_name":"Redactor","author_link":"https:\/\/pornuestrolaredo.com\/?author=1"},"magazine_blocks_comment":0,"magazine_blocks_author_image":"https:\/\/pornuestrolaredo.com\/wp-content\/litespeed\/avatar\/dca1d7ec750c399f025f23b0b314f4cf.jpg?ver=1777612120","magazine_blocks_category":"<a href=\"#\" class=\"category-link category-link-5\">Dos Laredos<\/a>","jetpack_publicize_connections":[],"featured_image_urls":{"full":["https:\/\/pornuestrolaredo.com\/wp-content\/uploads\/2022\/10\/PNL-20221031-1.jpeg",1000,800,false],"thumbnail":["https:\/\/pornuestrolaredo.com\/wp-content\/uploads\/2022\/10\/PNL-20221031-1-150x150.jpeg",150,150,true],"medium":["https:\/\/pornuestrolaredo.com\/wp-content\/uploads\/2022\/10\/PNL-20221031-1-300x240.jpeg",300,240,true],"medium_large":["https:\/\/pornuestrolaredo.com\/wp-content\/uploads\/2022\/10\/PNL-20221031-1-768x614.jpeg",640,512,true],"large":["https:\/\/pornuestrolaredo.com\/wp-content\/uploads\/2022\/10\/PNL-20221031-1.jpeg",640,512,false],"1536x1536":["https:\/\/pornuestrolaredo.com\/wp-content\/uploads\/2022\/10\/PNL-20221031-1.jpeg",1000,800,false],"2048x2048":["https:\/\/pornuestrolaredo.com\/wp-content\/uploads\/2022\/10\/PNL-20221031-1.jpeg",1000,800,false],"morenews-large":["https:\/\/pornuestrolaredo.com\/wp-content\/uploads\/2022\/10\/PNL-20221031-1.jpeg",719,575,false],"morenews-medium":["https:\/\/pornuestrolaredo.com\/wp-content\/uploads\/2022\/10\/PNL-20221031-1.jpeg",513,410,false]},"author_info":{"info":["Redactor"]},"category_info":"<a href=\"https:\/\/pornuestrolaredo.com\/?cat=5\" rel=\"category\">Dos Laredos<\/a>","tag_info":"Dos Laredos","comment_count":"0","jetpack_featured_media_url":"https:\/\/pornuestrolaredo.com\/wp-content\/uploads\/2022\/10\/PNL-20221031-1.jpeg","jetpack_sharing_enabled":true,"_links":{"self":[{"href":"https:\/\/pornuestrolaredo.com\/index.php?rest_route=\/wp\/v2\/posts\/807","targetHints":{"allow":["GET"]}}],"collection":[{"href":"https:\/\/pornuestrolaredo.com\/index.php?rest_route=\/wp\/v2\/posts"}],"about":[{"href":"https:\/\/pornuestrolaredo.com\/index.php?rest_route=\/wp\/v2\/types\/post"}],"author":[{"embeddable":true,"href":"https:\/\/pornuestrolaredo.com\/index.php?rest_route=\/wp\/v2\/users\/1"}],"replies":[{"embeddable":true,"href":"https:\/\/pornuestrolaredo.com\/index.php?rest_route=%2Fwp%2Fv2%2Fcomments&post=807"}],"version-history":[{"count":1,"href":"https:\/\/pornuestrolaredo.com\/index.php?rest_route=\/wp\/v2\/posts\/807\/revisions"}],"predecessor-version":[{"id":809,"href":"https:\/\/pornuestrolaredo.com\/index.php?rest_route=\/wp\/v2\/posts\/807\/revisions\/809"}],"wp:featuredmedia":[{"embeddable":true,"href":"https:\/\/pornuestrolaredo.com\/index.php?rest_route=\/wp\/v2\/media\/808"}],"wp:attachment":[{"href":"https:\/\/pornuestrolaredo.com\/index.php?rest_route=%2Fwp%2Fv2%2Fmedia&parent=807"}],"wp:term":[{"taxonomy":"category","embeddable":true,"href":"https:\/\/pornuestrolaredo.com\/index.php?rest_route=%2Fwp%2Fv2%2Fcategories&post=807"},{"taxonomy":"post_tag","embeddable":true,"href":"https:\/\/pornuestrolaredo.com\/index.php?rest_route=%2Fwp%2Fv2%2Ftags&post=807"}],"curies":[{"name":"wp","href":"https:\/\/api.w.org\/{rel}","templated":true}]}}