{"id":820,"date":"2022-11-01T21:42:42","date_gmt":"2022-11-01T21:42:42","guid":{"rendered":"https:\/\/pornuestrolaredo.com\/?p=820"},"modified":"2022-11-01T23:10:58","modified_gmt":"2022-11-01T23:10:58","slug":"cobrara-twitter-por-verificar-las-cuentas","status":"publish","type":"post","link":"https:\/\/pornuestrolaredo.com\/?p=820","title":{"rendered":"Cobrar\u00e1 Twitter por verificar las cuentas"},"content":{"rendered":"\n<p class=\"wp-block-paragraph\"><strong><em>NUEVA YORK.- <\/em><\/strong>Tener una cuenta verificada en Twitter va a costar\u2026 8 d\u00f3lares mensuales exactamente, seg\u00fan anunci\u00f3 el due\u00f1o de la red social desde la semana pasada, Elon Musk.<\/p>\n\n\n\n<blockquote class=\"wp-block-quote is-layout-flow wp-block-quote-is-layout-flow\"><p>El actual sistema de lords y campesinos de Twitter para determinar qui\u00e9n tiene o no una marca de verificaci\u00f3n azul es una mierda. \u00a1Poder para el pueblo! Verificaci\u00f3n azul por 8 d\u00f3lares mensuales\u201d, tuite\u00f3 Musk este martes.<\/p><\/blockquote>\n\n\n\n<blockquote class=\"wp-block-quote is-layout-flow wp-block-quote-is-layout-flow\"><p>Precio ajustado por pa\u00eds proporcional a la paridad del poder adquisitivo&#8221;, a\u00f1adi\u00f3.<\/p><\/blockquote>\n\n\n\n<p class=\"wp-block-paragraph\">Musk dijo que con dicho estatus, los tuiteros verificados obtendr\u00e1n prioridad en respuestas, menciones y b\u00fasquedas, lo cual es &#8220;esencial para derrotar el spam&#8221;, posibilidad de publicar videos y audios largos, y la mitad de anuncios.<\/p>\n\n\n\n<p class=\"wp-block-paragraph\">Desde el fin de semana hab\u00eda trascendido que, como parte de sus primeros cambios en Twitter, Musk planeaba cobrar 20 d\u00f3lares a los usuarios interesados en mantener u obtener una cuenta verificada.<\/p>\n\n\n\n<p class=\"wp-block-paragraph\">Ante ello, diversos usuarios ya verificados, incluido el escritor estadounidense de novelas de terror y fantas\u00eda Stephen King, cuestionaron la intenci\u00f3n de Musk.<\/p>\n\n\n\n<blockquote class=\"wp-block-quote is-layout-flow wp-block-quote-is-layout-flow\"><p>\u00bfVeinte d\u00f3lares al mes para mantener mi insignia azul? \u00a1Joder, deber\u00edan pagarme! Si eso se instituye, me ir\u00e9&#8221;, advirti\u00f3 Stephen King.<\/p><\/blockquote>\n\n\n\n<p class=\"wp-block-paragraph\">En respuesta, Musk le plante\u00f3 una tarifa de 8 d\u00f3lares al mes, que fue la que finalmente decidi\u00f3 y anunci\u00f3 este 1 de noviembre.<\/p>\n\n\n\n<blockquote class=\"wp-block-quote is-layout-flow wp-block-quote-is-layout-flow\"><p>\u00a1Tenemos que pagar las cuentas de alguna manera! Twitter no puede depender completamente de los anunciantes. \u00bfQu\u00e9 tal 8 d\u00f3lares?&#8221;, tuite\u00f3. <\/p><\/blockquote>\n\n\n\n<p class=\"wp-block-paragraph\">Musk indic\u00f3 este martes, sin ofrecer m\u00e1s detalles, que habr\u00e1 una nueva v\u00eda para creadores de contenido dispuestos a trabajar con Twitter.<\/p>\n","protected":false},"excerpt":{"rendered":"<p>NUEVA YORK.- Tener una cuenta verificada en Twitter va a costar\u2026 8 d\u00f3lares mensuales exactamente, seg\u00fan anunci\u00f3 el<\/p>\n","protected":false},"author":1,"featured_media":821,"comment_status":"closed","ping_status":"closed","sticky":false,"template":"","format":"standard","meta":{"_crdt_document":"","_jetpack_memberships_contains_paid_content":false,"footnotes":"","jetpack_publicize_message":"Los usuarios deber\u00e1n pagar 8 d\u00f3lares mensuales por mantener su insignia azul","jetpack_publicize_feature_enabled":true,"jetpack_social_post_already_shared":true,"jetpack_social_options":{"image_generator_settings":{"template":"highway","default_image_id":0,"font":"","enabled":false},"version":2},"_wpas_customize_per_network":false},"categories":[9],"tags":[],"class_list":["post-820","post","type-post","status-publish","format-standard","has-post-thumbnail","hentry","category-el-mundo"],"magazineBlocksPostFeaturedMedia":{"thumbnail":"https:\/\/pornuestrolaredo.com\/wp-content\/uploads\/2022\/11\/twitter-150x150.jpeg","medium":"https:\/\/pornuestrolaredo.com\/wp-content\/uploads\/2022\/11\/twitter-300x169.jpeg","medium_large":"https:\/\/pornuestrolaredo.com\/wp-content\/uploads\/2022\/11\/twitter-768x432.jpeg","large":"https:\/\/pornuestrolaredo.com\/wp-content\/uploads\/2022\/11\/twitter-1024x576.jpeg","1536x1536":"https:\/\/pornuestrolaredo.com\/wp-content\/uploads\/2022\/11\/twitter.jpeg","2048x2048":"https:\/\/pornuestrolaredo.com\/wp-content\/uploads\/2022\/11\/twitter.jpeg","morenews-large":"https:\/\/pornuestrolaredo.com\/wp-content\/uploads\/2022\/11\/twitter.jpeg","morenews-medium":"https:\/\/pornuestrolaredo.com\/wp-content\/uploads\/2022\/11\/twitter.jpeg"},"magazineBlocksPostAuthor":{"name":"Redactor","avatar":"https:\/\/pornuestrolaredo.com\/wp-content\/litespeed\/avatar\/dca1d7ec750c399f025f23b0b314f4cf.jpg?ver=1777612120"},"magazineBlocksPostCommentsNumber":false,"magazineBlocksPostExcerpt":"NUEVA YORK.- Tener una cuenta verificada en Twitter va a costar\u2026 8 d\u00f3lares mensuales exactamente, seg\u00fan anunci\u00f3 el","magazineBlocksPostCategories":["El Mundo"],"magazineBlocksPostViewCount":153,"magazineBlocksPostReadTime":2,"magazine_blocks_featured_image_url":{"full":["https:\/\/pornuestrolaredo.com\/wp-content\/uploads\/2022\/11\/twitter.jpeg",1280,720,false],"medium":["https:\/\/pornuestrolaredo.com\/wp-content\/uploads\/2022\/11\/twitter-300x169.jpeg",300,169,true],"thumbnail":["https:\/\/pornuestrolaredo.com\/wp-content\/uploads\/2022\/11\/twitter-150x150.jpeg",150,150,true]},"magazine_blocks_author":{"display_name":"Redactor","author_link":"https:\/\/pornuestrolaredo.com\/?author=1"},"magazine_blocks_comment":0,"magazine_blocks_author_image":"https:\/\/pornuestrolaredo.com\/wp-content\/litespeed\/avatar\/dca1d7ec750c399f025f23b0b314f4cf.jpg?ver=1777612120","magazine_blocks_category":"<a href=\"#\" class=\"category-link category-link-9\">El Mundo<\/a>","jetpack_publicize_connections":[],"featured_image_urls":{"full":["https:\/\/pornuestrolaredo.com\/wp-content\/uploads\/2022\/11\/twitter.jpeg",1280,720,false],"thumbnail":["https:\/\/pornuestrolaredo.com\/wp-content\/uploads\/2022\/11\/twitter-150x150.jpeg",150,150,true],"medium":["https:\/\/pornuestrolaredo.com\/wp-content\/uploads\/2022\/11\/twitter-300x169.jpeg",300,169,true],"medium_large":["https:\/\/pornuestrolaredo.com\/wp-content\/uploads\/2022\/11\/twitter-768x432.jpeg",640,360,true],"large":["https:\/\/pornuestrolaredo.com\/wp-content\/uploads\/2022\/11\/twitter-1024x576.jpeg",640,360,true],"1536x1536":["https:\/\/pornuestrolaredo.com\/wp-content\/uploads\/2022\/11\/twitter.jpeg",1280,720,false],"2048x2048":["https:\/\/pornuestrolaredo.com\/wp-content\/uploads\/2022\/11\/twitter.jpeg",1280,720,false],"morenews-large":["https:\/\/pornuestrolaredo.com\/wp-content\/uploads\/2022\/11\/twitter.jpeg",825,464,false],"morenews-medium":["https:\/\/pornuestrolaredo.com\/wp-content\/uploads\/2022\/11\/twitter.jpeg",590,332,false]},"author_info":{"info":["Redactor"]},"category_info":"<a href=\"https:\/\/pornuestrolaredo.com\/?cat=9\" rel=\"category\">El Mundo<\/a>","tag_info":"El Mundo","comment_count":"0","jetpack_featured_media_url":"https:\/\/pornuestrolaredo.com\/wp-content\/uploads\/2022\/11\/twitter.jpeg","jetpack_sharing_enabled":true,"_links":{"self":[{"href":"https:\/\/pornuestrolaredo.com\/index.php?rest_route=\/wp\/v2\/posts\/820","targetHints":{"allow":["GET"]}}],"collection":[{"href":"https:\/\/pornuestrolaredo.com\/index.php?rest_route=\/wp\/v2\/posts"}],"about":[{"href":"https:\/\/pornuestrolaredo.com\/index.php?rest_route=\/wp\/v2\/types\/post"}],"author":[{"embeddable":true,"href":"https:\/\/pornuestrolaredo.com\/index.php?rest_route=\/wp\/v2\/users\/1"}],"replies":[{"embeddable":true,"href":"https:\/\/pornuestrolaredo.com\/index.php?rest_route=%2Fwp%2Fv2%2Fcomments&post=820"}],"version-history":[{"count":2,"href":"https:\/\/pornuestrolaredo.com\/index.php?rest_route=\/wp\/v2\/posts\/820\/revisions"}],"predecessor-version":[{"id":823,"href":"https:\/\/pornuestrolaredo.com\/index.php?rest_route=\/wp\/v2\/posts\/820\/revisions\/823"}],"wp:featuredmedia":[{"embeddable":true,"href":"https:\/\/pornuestrolaredo.com\/index.php?rest_route=\/wp\/v2\/media\/821"}],"wp:attachment":[{"href":"https:\/\/pornuestrolaredo.com\/index.php?rest_route=%2Fwp%2Fv2%2Fmedia&parent=820"}],"wp:term":[{"taxonomy":"category","embeddable":true,"href":"https:\/\/pornuestrolaredo.com\/index.php?rest_route=%2Fwp%2Fv2%2Fcategories&post=820"},{"taxonomy":"post_tag","embeddable":true,"href":"https:\/\/pornuestrolaredo.com\/index.php?rest_route=%2Fwp%2Fv2%2Ftags&post=820"}],"curies":[{"name":"wp","href":"https:\/\/api.w.org\/{rel}","templated":true}]}}