{"id":830,"date":"2022-11-02T18:55:11","date_gmt":"2022-11-02T18:55:11","guid":{"rendered":"https:\/\/pornuestrolaredo.com\/?p=830"},"modified":"2022-11-02T18:55:13","modified_gmt":"2022-11-02T18:55:13","slug":"lisa-se-convierte-en-huracan-y-tocara-tierra-este-miercoles","status":"publish","type":"post","link":"https:\/\/pornuestrolaredo.com\/?p=830","title":{"rendered":"Lisa se convierte en hurac\u00e1n y tocar\u00e1 tierra este mi\u00e9rcoles"},"content":{"rendered":"\n<p class=\"wp-block-paragraph\"><strong><em>CIUDAD DE M\u00c9XICO.- <\/em><\/strong>La tormenta tropical Lisa se fortaleci\u00f3 para convertirse en un hurac\u00e1n categor\u00eda 1 en el oeste del Caribe y se prev\u00e9 que tocar\u00e1 tierra en Belice la tarde de este mi\u00e9rcoles.<\/p>\n\n\n\n<p class=\"wp-block-paragraph\">El Centro Nacional de Huracanes de Estados Unidos (NHC) inform\u00f3 que Lisa ten\u00eda vientos m\u00e1ximos sostenidos de 130 kil\u00f3metros por hora (80 millas por hora). Su ojo estaba a unos 90 kil\u00f3metros (55 millas) al este-sureste de la Ciudad de Belice y se dirig\u00eda en direcci\u00f3n oeste a 22 km\/h (14 mph).<\/p>\n\n\n\n<p class=\"wp-block-paragraph\">Se prev\u00e9 que el v\u00f3rtice de Lisa cruzar\u00e1 Belice hasta llegar a Guatemala y de all\u00ed al sureste de M\u00e9xico el jueves.<\/p>\n\n\n\n<p class=\"wp-block-paragraph\">El NHC advirti\u00f3 sobre la posibilidad de aguaceros torrenciales, inundaciones y deslaves. Indic\u00f3 que la tormenta podr\u00eda arrojar entre 10 y 15 cent\u00edmetros (entre 4 y 6 pulgadas) de lluvia sobre Belice, las Islas Bay, el norte de Guatemala, el este de los estados mexicanos de Chiapas y Tabasco.<\/p>\n\n\n\n<p class=\"wp-block-paragraph\">Se emitieron alertas de hurac\u00e1n para la isla Roat\u00e1n y otras islas en Honduras, el norte de Belice, y el sur de la pen\u00ednsula mexicana de Yucat\u00e1n, desde Chetumal hasta Puerto Costa Maya.<\/p>\n\n\n\n<p class=\"wp-block-paragraph\">M\u00e1s lejos en el Atl\u00e1ntico, se prev\u00e9 que la tormenta tropical Martin se fortalezca y se vuelva hurac\u00e1n el mi\u00e9rcoles, aunque no presenta peligro para tierra. Martin ten\u00eda vientos m\u00e1ximos sostenidos de 110 km\/h (75 mph). Su v\u00f3rtice estaba a mil 270 kil\u00f3metros (790 millas) al al sur-sureste del Cabo Race, en Terranova, e iba en direcci\u00f3n este-noreste a 43 km\/h (26 mph).<\/p>\n","protected":false},"excerpt":{"rendered":"<p>CIUDAD DE M\u00c9XICO.- La tormenta tropical Lisa se fortaleci\u00f3 para convertirse en un hurac\u00e1n categor\u00eda 1 en el<\/p>\n","protected":false},"author":1,"featured_media":831,"comment_status":"open","ping_status":"open","sticky":false,"template":"","format":"standard","meta":{"_crdt_document":"","_jetpack_memberships_contains_paid_content":false,"footnotes":"","jetpack_publicize_message":"Se prev\u00e9 que afecte a Belice y el jueves golpee a los estados mexicanos de Chiapas y Tabasco","jetpack_publicize_feature_enabled":true,"jetpack_social_post_already_shared":true,"jetpack_social_options":{"image_generator_settings":{"template":"highway","default_image_id":0,"font":"","enabled":false},"version":2},"_wpas_customize_per_network":false},"categories":[9],"tags":[],"class_list":["post-830","post","type-post","status-publish","format-standard","has-post-thumbnail","hentry","category-el-mundo"],"magazineBlocksPostFeaturedMedia":{"thumbnail":"https:\/\/pornuestrolaredo.com\/wp-content\/uploads\/2022\/11\/Stereo91-20221102-1-150x150.jpeg","medium":"https:\/\/pornuestrolaredo.com\/wp-content\/uploads\/2022\/11\/Stereo91-20221102-1-300x200.jpeg","medium_large":"https:\/\/pornuestrolaredo.com\/wp-content\/uploads\/2022\/11\/Stereo91-20221102-1-768x511.jpeg","large":"https:\/\/pornuestrolaredo.com\/wp-content\/uploads\/2022\/11\/Stereo91-20221102-1.jpeg","1536x1536":"https:\/\/pornuestrolaredo.com\/wp-content\/uploads\/2022\/11\/Stereo91-20221102-1.jpeg","2048x2048":"https:\/\/pornuestrolaredo.com\/wp-content\/uploads\/2022\/11\/Stereo91-20221102-1.jpeg","morenews-large":"https:\/\/pornuestrolaredo.com\/wp-content\/uploads\/2022\/11\/Stereo91-20221102-1.jpeg","morenews-medium":"https:\/\/pornuestrolaredo.com\/wp-content\/uploads\/2022\/11\/Stereo91-20221102-1.jpeg"},"magazineBlocksPostAuthor":{"name":"Redactor","avatar":"https:\/\/pornuestrolaredo.com\/wp-content\/litespeed\/avatar\/dca1d7ec750c399f025f23b0b314f4cf.jpg?ver=1777612120"},"magazineBlocksPostCommentsNumber":false,"magazineBlocksPostExcerpt":"CIUDAD DE M\u00c9XICO.- La tormenta tropical Lisa se fortaleci\u00f3 para convertirse en un hurac\u00e1n categor\u00eda 1 en el","magazineBlocksPostCategories":["El Mundo"],"magazineBlocksPostViewCount":140,"magazineBlocksPostReadTime":2,"magazine_blocks_featured_image_url":{"full":["https:\/\/pornuestrolaredo.com\/wp-content\/uploads\/2022\/11\/Stereo91-20221102-1.jpeg",1000,666,false],"medium":["https:\/\/pornuestrolaredo.com\/wp-content\/uploads\/2022\/11\/Stereo91-20221102-1-300x200.jpeg",300,200,true],"thumbnail":["https:\/\/pornuestrolaredo.com\/wp-content\/uploads\/2022\/11\/Stereo91-20221102-1-150x150.jpeg",150,150,true]},"magazine_blocks_author":{"display_name":"Redactor","author_link":"https:\/\/pornuestrolaredo.com\/?author=1"},"magazine_blocks_comment":0,"magazine_blocks_author_image":"https:\/\/pornuestrolaredo.com\/wp-content\/litespeed\/avatar\/dca1d7ec750c399f025f23b0b314f4cf.jpg?ver=1777612120","magazine_blocks_category":"<a href=\"#\" class=\"category-link category-link-9\">El Mundo<\/a>","jetpack_publicize_connections":[],"featured_image_urls":{"full":["https:\/\/pornuestrolaredo.com\/wp-content\/uploads\/2022\/11\/Stereo91-20221102-1.jpeg",1000,666,false],"thumbnail":["https:\/\/pornuestrolaredo.com\/wp-content\/uploads\/2022\/11\/Stereo91-20221102-1-150x150.jpeg",150,150,true],"medium":["https:\/\/pornuestrolaredo.com\/wp-content\/uploads\/2022\/11\/Stereo91-20221102-1-300x200.jpeg",300,200,true],"medium_large":["https:\/\/pornuestrolaredo.com\/wp-content\/uploads\/2022\/11\/Stereo91-20221102-1-768x511.jpeg",640,426,true],"large":["https:\/\/pornuestrolaredo.com\/wp-content\/uploads\/2022\/11\/Stereo91-20221102-1.jpeg",640,426,false],"1536x1536":["https:\/\/pornuestrolaredo.com\/wp-content\/uploads\/2022\/11\/Stereo91-20221102-1.jpeg",1000,666,false],"2048x2048":["https:\/\/pornuestrolaredo.com\/wp-content\/uploads\/2022\/11\/Stereo91-20221102-1.jpeg",1000,666,false],"morenews-large":["https:\/\/pornuestrolaredo.com\/wp-content\/uploads\/2022\/11\/Stereo91-20221102-1.jpeg",825,549,false],"morenews-medium":["https:\/\/pornuestrolaredo.com\/wp-content\/uploads\/2022\/11\/Stereo91-20221102-1.jpeg",590,393,false]},"author_info":{"info":["Redactor"]},"category_info":"<a href=\"https:\/\/pornuestrolaredo.com\/?cat=9\" rel=\"category\">El Mundo<\/a>","tag_info":"El Mundo","comment_count":"0","jetpack_featured_media_url":"https:\/\/pornuestrolaredo.com\/wp-content\/uploads\/2022\/11\/Stereo91-20221102-1.jpeg","jetpack_sharing_enabled":true,"_links":{"self":[{"href":"https:\/\/pornuestrolaredo.com\/index.php?rest_route=\/wp\/v2\/posts\/830","targetHints":{"allow":["GET"]}}],"collection":[{"href":"https:\/\/pornuestrolaredo.com\/index.php?rest_route=\/wp\/v2\/posts"}],"about":[{"href":"https:\/\/pornuestrolaredo.com\/index.php?rest_route=\/wp\/v2\/types\/post"}],"author":[{"embeddable":true,"href":"https:\/\/pornuestrolaredo.com\/index.php?rest_route=\/wp\/v2\/users\/1"}],"replies":[{"embeddable":true,"href":"https:\/\/pornuestrolaredo.com\/index.php?rest_route=%2Fwp%2Fv2%2Fcomments&post=830"}],"version-history":[{"count":1,"href":"https:\/\/pornuestrolaredo.com\/index.php?rest_route=\/wp\/v2\/posts\/830\/revisions"}],"predecessor-version":[{"id":832,"href":"https:\/\/pornuestrolaredo.com\/index.php?rest_route=\/wp\/v2\/posts\/830\/revisions\/832"}],"wp:featuredmedia":[{"embeddable":true,"href":"https:\/\/pornuestrolaredo.com\/index.php?rest_route=\/wp\/v2\/media\/831"}],"wp:attachment":[{"href":"https:\/\/pornuestrolaredo.com\/index.php?rest_route=%2Fwp%2Fv2%2Fmedia&parent=830"}],"wp:term":[{"taxonomy":"category","embeddable":true,"href":"https:\/\/pornuestrolaredo.com\/index.php?rest_route=%2Fwp%2Fv2%2Fcategories&post=830"},{"taxonomy":"post_tag","embeddable":true,"href":"https:\/\/pornuestrolaredo.com\/index.php?rest_route=%2Fwp%2Fv2%2Ftags&post=830"}],"curies":[{"name":"wp","href":"https:\/\/api.w.org\/{rel}","templated":true}]}}