{"id":833,"date":"2022-11-02T19:02:20","date_gmt":"2022-11-02T19:02:20","guid":{"rendered":"https:\/\/pornuestrolaredo.com\/?p=833"},"modified":"2022-11-02T19:02:22","modified_gmt":"2022-11-02T19:02:22","slug":"capacita-transito-y-vialidad-a-motociclistas-de-nld","status":"publish","type":"post","link":"https:\/\/pornuestrolaredo.com\/?p=833","title":{"rendered":"Capacita Tr\u00e1nsito y Vialidad a motociclistas de NLD"},"content":{"rendered":"\n<p class=\"wp-block-paragraph\"><strong><em>NUEVO LAREDO.-<\/em><\/strong> Con el objetivo de fomentar la cultura vial y brindar las herramientas necesarias para prevenir accidentes de tr\u00e1nsito en motociclistas, el Gobierno de Nuevo Laredo, a trav\u00e9s de la Direcci\u00f3n de Tr\u00e1nsito y Vialidad, imparti\u00f3 un curso de capacitaci\u00f3n, orientaci\u00f3n y conducci\u00f3n en el cual participaron el equipo motorizado de m\u00e1s de 10 restaurantes locales.<\/p>\n\n\n\n<p class=\"wp-block-paragraph\">Armando de la Torre, encargado del del despacho de Tr\u00e1nsito y Vialidad, explic\u00f3 que como parte del compromiso del gobierno para apoyar a los trabajadores y negocios que utilizan motocicletas para sus repartos, est\u00e1n ofreciendo capacitaciones completamente gratis.<\/p>\n\n\n\n<blockquote class=\"wp-block-quote is-layout-flow wp-block-quote-is-layout-flow\">\n<p class=\"wp-block-paragraph\">En este curso participaron m\u00e1s de 10 restaurantes con su personal motorizado, el objetivo es la prevenci\u00f3n de accidentes, se les brind\u00f3 una capacitaci\u00f3n, orientaci\u00f3n y conducci\u00f3n para que ellos conozcan el reglamento y que porten el equipo de seguridad adecuado para conducir una motocicleta como es el casco, adem\u00e1s de que tengan su documentaci\u00f3n en regla como la licencia de conducir\u201d, se\u00f1al\u00f3 el funcionario.<\/p>\n<\/blockquote>\n\n\n\n<p class=\"wp-block-paragraph\">En esta ocasi\u00f3n, la asesor\u00eda se realiz\u00f3 en un restaurante local y se cont\u00f3 con la participaci\u00f3n de un grupo de cerca 20 motociclistas divididos en dos grupos. Dentro de los temas abordados, se dieron consejos sobre manejo a la defensiva, para evitar accidentes viales, se abord\u00f3 puntos importantes del Reglamento de Tr\u00e1nsito y se dieron a conocer algunas zonas identificadas como puntos de riesgo en cuesti\u00f3n de colisiones.<\/p>\n\n\n\n<p class=\"wp-block-paragraph\">Torres manifest\u00f3 que este curso pudo llevarse a cabo gracias a la coordinaci\u00f3n que se tiene con las empresas del ramo gastron\u00f3mico que mostraron inter\u00e9s en capacitar a su personal. El funcionario aclar\u00f3 que los operativos que realiza la dependencia a su cargo tienen el objetivo de prevenir accidentes con consecuencias fatales, invitando al motociclista en espec\u00edfico a que porte el equipo de seguridad de forma adecuada y sobre todo retirar de la v\u00eda p\u00fablica a conductores alcoholizados, con estas medidas se reducir\u00e1 en gran medida el \u00edndice de colisiones.<\/p>\n","protected":false},"excerpt":{"rendered":"<p>NUEVO LAREDO.- Con el objetivo de fomentar la cultura vial y brindar las herramientas necesarias para prevenir accidentes<\/p>\n","protected":false},"author":1,"featured_media":834,"comment_status":"open","ping_status":"open","sticky":false,"template":"","format":"standard","meta":{"_crdt_document":"","_jetpack_memberships_contains_paid_content":false,"footnotes":"","jetpack_publicize_message":"Participa el equipo motorizado de m\u00e1s de 10 restaurantes de la ciudad","jetpack_publicize_feature_enabled":true,"jetpack_social_post_already_shared":true,"jetpack_social_options":{"image_generator_settings":{"template":"highway","default_image_id":0,"font":"","enabled":false},"version":2},"_wpas_customize_per_network":false},"categories":[4],"tags":[],"class_list":["post-833","post","type-post","status-publish","format-standard","has-post-thumbnail","hentry","category-los-dos-laredos"],"magazineBlocksPostFeaturedMedia":{"thumbnail":"https:\/\/pornuestrolaredo.com\/wp-content\/uploads\/2022\/11\/PNL-20221102-2-150x150.jpg","medium":"https:\/\/pornuestrolaredo.com\/wp-content\/uploads\/2022\/11\/PNL-20221102-2-300x200.jpg","medium_large":"https:\/\/pornuestrolaredo.com\/wp-content\/uploads\/2022\/11\/PNL-20221102-2-768x512.jpg","large":"https:\/\/pornuestrolaredo.com\/wp-content\/uploads\/2022\/11\/PNL-20221102-2.jpg","1536x1536":"https:\/\/pornuestrolaredo.com\/wp-content\/uploads\/2022\/11\/PNL-20221102-2.jpg","2048x2048":"https:\/\/pornuestrolaredo.com\/wp-content\/uploads\/2022\/11\/PNL-20221102-2.jpg","morenews-large":"https:\/\/pornuestrolaredo.com\/wp-content\/uploads\/2022\/11\/PNL-20221102-2.jpg","morenews-medium":"https:\/\/pornuestrolaredo.com\/wp-content\/uploads\/2022\/11\/PNL-20221102-2.jpg"},"magazineBlocksPostAuthor":{"name":"Redactor","avatar":"https:\/\/pornuestrolaredo.com\/wp-content\/litespeed\/avatar\/dca1d7ec750c399f025f23b0b314f4cf.jpg?ver=1777612120"},"magazineBlocksPostCommentsNumber":false,"magazineBlocksPostExcerpt":"NUEVO LAREDO.- Con el objetivo de fomentar la cultura vial y brindar las herramientas necesarias para prevenir accidentes","magazineBlocksPostCategories":["Los dos Laredos"],"magazineBlocksPostViewCount":145,"magazineBlocksPostReadTime":2,"magazine_blocks_featured_image_url":{"full":["https:\/\/pornuestrolaredo.com\/wp-content\/uploads\/2022\/11\/PNL-20221102-2.jpg",850,567,false],"medium":["https:\/\/pornuestrolaredo.com\/wp-content\/uploads\/2022\/11\/PNL-20221102-2-300x200.jpg",300,200,true],"thumbnail":["https:\/\/pornuestrolaredo.com\/wp-content\/uploads\/2022\/11\/PNL-20221102-2-150x150.jpg",150,150,true]},"magazine_blocks_author":{"display_name":"Redactor","author_link":"https:\/\/pornuestrolaredo.com\/?author=1"},"magazine_blocks_comment":0,"magazine_blocks_author_image":"https:\/\/pornuestrolaredo.com\/wp-content\/litespeed\/avatar\/dca1d7ec750c399f025f23b0b314f4cf.jpg?ver=1777612120","magazine_blocks_category":"<a href=\"#\" class=\"category-link category-link-4\">Los dos Laredos<\/a>","jetpack_publicize_connections":[],"featured_image_urls":{"full":["https:\/\/pornuestrolaredo.com\/wp-content\/uploads\/2022\/11\/PNL-20221102-2.jpg",850,567,false],"thumbnail":["https:\/\/pornuestrolaredo.com\/wp-content\/uploads\/2022\/11\/PNL-20221102-2-150x150.jpg",150,150,true],"medium":["https:\/\/pornuestrolaredo.com\/wp-content\/uploads\/2022\/11\/PNL-20221102-2-300x200.jpg",300,200,true],"medium_large":["https:\/\/pornuestrolaredo.com\/wp-content\/uploads\/2022\/11\/PNL-20221102-2-768x512.jpg",640,427,true],"large":["https:\/\/pornuestrolaredo.com\/wp-content\/uploads\/2022\/11\/PNL-20221102-2.jpg",640,427,false],"1536x1536":["https:\/\/pornuestrolaredo.com\/wp-content\/uploads\/2022\/11\/PNL-20221102-2.jpg",850,567,false],"2048x2048":["https:\/\/pornuestrolaredo.com\/wp-content\/uploads\/2022\/11\/PNL-20221102-2.jpg",850,567,false],"morenews-large":["https:\/\/pornuestrolaredo.com\/wp-content\/uploads\/2022\/11\/PNL-20221102-2.jpg",825,550,false],"morenews-medium":["https:\/\/pornuestrolaredo.com\/wp-content\/uploads\/2022\/11\/PNL-20221102-2.jpg",590,394,false]},"author_info":{"info":["Redactor"]},"category_info":"<a href=\"https:\/\/pornuestrolaredo.com\/?cat=4\" rel=\"category\">Los dos Laredos<\/a>","tag_info":"Los dos Laredos","comment_count":"0","jetpack_featured_media_url":"https:\/\/pornuestrolaredo.com\/wp-content\/uploads\/2022\/11\/PNL-20221102-2.jpg","jetpack_sharing_enabled":true,"_links":{"self":[{"href":"https:\/\/pornuestrolaredo.com\/index.php?rest_route=\/wp\/v2\/posts\/833","targetHints":{"allow":["GET"]}}],"collection":[{"href":"https:\/\/pornuestrolaredo.com\/index.php?rest_route=\/wp\/v2\/posts"}],"about":[{"href":"https:\/\/pornuestrolaredo.com\/index.php?rest_route=\/wp\/v2\/types\/post"}],"author":[{"embeddable":true,"href":"https:\/\/pornuestrolaredo.com\/index.php?rest_route=\/wp\/v2\/users\/1"}],"replies":[{"embeddable":true,"href":"https:\/\/pornuestrolaredo.com\/index.php?rest_route=%2Fwp%2Fv2%2Fcomments&post=833"}],"version-history":[{"count":1,"href":"https:\/\/pornuestrolaredo.com\/index.php?rest_route=\/wp\/v2\/posts\/833\/revisions"}],"predecessor-version":[{"id":835,"href":"https:\/\/pornuestrolaredo.com\/index.php?rest_route=\/wp\/v2\/posts\/833\/revisions\/835"}],"wp:featuredmedia":[{"embeddable":true,"href":"https:\/\/pornuestrolaredo.com\/index.php?rest_route=\/wp\/v2\/media\/834"}],"wp:attachment":[{"href":"https:\/\/pornuestrolaredo.com\/index.php?rest_route=%2Fwp%2Fv2%2Fmedia&parent=833"}],"wp:term":[{"taxonomy":"category","embeddable":true,"href":"https:\/\/pornuestrolaredo.com\/index.php?rest_route=%2Fwp%2Fv2%2Fcategories&post=833"},{"taxonomy":"post_tag","embeddable":true,"href":"https:\/\/pornuestrolaredo.com\/index.php?rest_route=%2Fwp%2Fv2%2Ftags&post=833"}],"curies":[{"name":"wp","href":"https:\/\/api.w.org\/{rel}","templated":true}]}}