{"id":836,"date":"2022-11-02T19:08:15","date_gmt":"2022-11-02T19:08:15","guid":{"rendered":"https:\/\/pornuestrolaredo.com\/?p=836"},"modified":"2022-11-02T19:08:17","modified_gmt":"2022-11-02T19:08:17","slug":"aprovechan-mil-700-ciudadanos-descuentos-de-comapa","status":"publish","type":"post","link":"https:\/\/pornuestrolaredo.com\/?p=836","title":{"rendered":"Aprovechan mil 700 ciudadanos descuentos de Comapa"},"content":{"rendered":"\n<p class=\"wp-block-paragraph\"><strong><em>NUEVO LAREDO.- <\/em><\/strong>Con el objetivo de apoyar la econom\u00eda familiar y ayudar a los usuarios a empezar una nueva relaci\u00f3n con el organismo, COMAPA brind\u00f3 diferentes beneficios durante el mes de octubre.<\/p>\n\n\n\n<p class=\"wp-block-paragraph\">M\u00e1s de 800 usuarios realizaron un convenio para regularizar sus cuentas a trav\u00e9s del programa del 100% de descuento en recargos que el organismo ofrece, adem\u00e1s de establecer un convenio de pago con cargo a su recibo a meses diferidos.<\/p>\n\n\n\n<p class=\"wp-block-paragraph\">Silvia Fern\u00e1ndez Gallardo, Gerente General de COMAPA, mencion\u00f3 que este resultado es debido a que la ciudadan\u00eda ha tomado a bien los beneficios que el organismo est\u00e1 brindando.<\/p>\n\n\n\n<blockquote class=\"wp-block-quote is-layout-flow wp-block-quote-is-layout-flow\">\n<p class=\"wp-block-paragraph\">Hemos tenido buena participaci\u00f3n, la ciudadan\u00eda ha estado muy activa lo cual nos da mucho gusto, ya que lo que deseamos es que se acerquen los usuarios y que empiecen de cero en una relaci\u00f3n sana con COMAPA\u201d, mencion\u00f3 la funcionaria p\u00fablica.<\/p>\n<\/blockquote>\n\n\n\n<p class=\"wp-block-paragraph\">Fern\u00e1ndez Gallardo tambi\u00e9n coment\u00f3 que los convenios son accesibles para los usuarios si se pueden empezar con solo 200 pesos mensuales m\u00e1s su consumo.<\/p>\n\n\n\n<p class=\"wp-block-paragraph\">Agreg\u00f3 que tambi\u00e9n se dieron otras atenciones como 108 nuevos contratos, 616 medidores instalados, 111 cambios de titular y 88 adultos mayores se dieron de alta en el Padr\u00f3n de Pensionados. <\/p>\n\n\n\n<p class=\"wp-block-paragraph\">La Gerente General invit\u00f3 a la ciudadan\u00eda interesada en realizar alguno de los tr\u00e1mites mencionados, a que se presenten en las oficinas centrales dentro un horario de lunes a viernes, de 8:00 de la ma\u00f1ana a 3:00 de la tarde y durante los recorridos que la oficina m\u00f3vil realiza en la ciudad.<\/p>\n","protected":false},"excerpt":{"rendered":"<p>NUEVO LAREDO.- Con el objetivo de apoyar la econom\u00eda familiar y ayudar a los usuarios a empezar una<\/p>\n","protected":false},"author":1,"featured_media":837,"comment_status":"open","ping_status":"open","sticky":false,"template":"","format":"standard","meta":{"_crdt_document":"","_jetpack_memberships_contains_paid_content":false,"footnotes":"","jetpack_publicize_message":"De ellos, m\u00e1s de 800 consiguieron un convenio para pagar poco a poco sus adeudos","jetpack_publicize_feature_enabled":true,"jetpack_social_post_already_shared":true,"jetpack_social_options":{"image_generator_settings":{"template":"highway","default_image_id":0,"font":"","enabled":false},"version":2},"_wpas_customize_per_network":false},"categories":[4],"tags":[],"class_list":["post-836","post","type-post","status-publish","format-standard","has-post-thumbnail","hentry","category-los-dos-laredos"],"magazineBlocksPostFeaturedMedia":{"thumbnail":"https:\/\/pornuestrolaredo.com\/wp-content\/uploads\/2022\/11\/PNL-20221102-3-150x150.jpg","medium":"https:\/\/pornuestrolaredo.com\/wp-content\/uploads\/2022\/11\/PNL-20221102-3-300x184.jpg","medium_large":"https:\/\/pornuestrolaredo.com\/wp-content\/uploads\/2022\/11\/PNL-20221102-3-768x471.jpg","large":"https:\/\/pornuestrolaredo.com\/wp-content\/uploads\/2022\/11\/PNL-20221102-3.jpg","1536x1536":"https:\/\/pornuestrolaredo.com\/wp-content\/uploads\/2022\/11\/PNL-20221102-3.jpg","2048x2048":"https:\/\/pornuestrolaredo.com\/wp-content\/uploads\/2022\/11\/PNL-20221102-3.jpg","morenews-large":"https:\/\/pornuestrolaredo.com\/wp-content\/uploads\/2022\/11\/PNL-20221102-3.jpg","morenews-medium":"https:\/\/pornuestrolaredo.com\/wp-content\/uploads\/2022\/11\/PNL-20221102-3.jpg"},"magazineBlocksPostAuthor":{"name":"Redactor","avatar":"https:\/\/pornuestrolaredo.com\/wp-content\/litespeed\/avatar\/dca1d7ec750c399f025f23b0b314f4cf.jpg?ver=1777612120"},"magazineBlocksPostCommentsNumber":false,"magazineBlocksPostExcerpt":"NUEVO LAREDO.- Con el objetivo de apoyar la econom\u00eda familiar y ayudar a los usuarios a empezar una","magazineBlocksPostCategories":["Los dos Laredos"],"magazineBlocksPostViewCount":163,"magazineBlocksPostReadTime":2,"magazine_blocks_featured_image_url":{"full":["https:\/\/pornuestrolaredo.com\/wp-content\/uploads\/2022\/11\/PNL-20221102-3.jpg",850,521,false],"medium":["https:\/\/pornuestrolaredo.com\/wp-content\/uploads\/2022\/11\/PNL-20221102-3-300x184.jpg",300,184,true],"thumbnail":["https:\/\/pornuestrolaredo.com\/wp-content\/uploads\/2022\/11\/PNL-20221102-3-150x150.jpg",150,150,true]},"magazine_blocks_author":{"display_name":"Redactor","author_link":"https:\/\/pornuestrolaredo.com\/?author=1"},"magazine_blocks_comment":0,"magazine_blocks_author_image":"https:\/\/pornuestrolaredo.com\/wp-content\/litespeed\/avatar\/dca1d7ec750c399f025f23b0b314f4cf.jpg?ver=1777612120","magazine_blocks_category":"<a href=\"#\" class=\"category-link category-link-4\">Los dos Laredos<\/a>","jetpack_publicize_connections":[],"featured_image_urls":{"full":["https:\/\/pornuestrolaredo.com\/wp-content\/uploads\/2022\/11\/PNL-20221102-3.jpg",850,521,false],"thumbnail":["https:\/\/pornuestrolaredo.com\/wp-content\/uploads\/2022\/11\/PNL-20221102-3-150x150.jpg",150,150,true],"medium":["https:\/\/pornuestrolaredo.com\/wp-content\/uploads\/2022\/11\/PNL-20221102-3-300x184.jpg",300,184,true],"medium_large":["https:\/\/pornuestrolaredo.com\/wp-content\/uploads\/2022\/11\/PNL-20221102-3-768x471.jpg",640,393,true],"large":["https:\/\/pornuestrolaredo.com\/wp-content\/uploads\/2022\/11\/PNL-20221102-3.jpg",640,392,false],"1536x1536":["https:\/\/pornuestrolaredo.com\/wp-content\/uploads\/2022\/11\/PNL-20221102-3.jpg",850,521,false],"2048x2048":["https:\/\/pornuestrolaredo.com\/wp-content\/uploads\/2022\/11\/PNL-20221102-3.jpg",850,521,false],"morenews-large":["https:\/\/pornuestrolaredo.com\/wp-content\/uploads\/2022\/11\/PNL-20221102-3.jpg",825,506,false],"morenews-medium":["https:\/\/pornuestrolaredo.com\/wp-content\/uploads\/2022\/11\/PNL-20221102-3.jpg",590,362,false]},"author_info":{"info":["Redactor"]},"category_info":"<a href=\"https:\/\/pornuestrolaredo.com\/?cat=4\" rel=\"category\">Los dos Laredos<\/a>","tag_info":"Los dos Laredos","comment_count":"0","jetpack_featured_media_url":"https:\/\/pornuestrolaredo.com\/wp-content\/uploads\/2022\/11\/PNL-20221102-3.jpg","jetpack_sharing_enabled":true,"_links":{"self":[{"href":"https:\/\/pornuestrolaredo.com\/index.php?rest_route=\/wp\/v2\/posts\/836","targetHints":{"allow":["GET"]}}],"collection":[{"href":"https:\/\/pornuestrolaredo.com\/index.php?rest_route=\/wp\/v2\/posts"}],"about":[{"href":"https:\/\/pornuestrolaredo.com\/index.php?rest_route=\/wp\/v2\/types\/post"}],"author":[{"embeddable":true,"href":"https:\/\/pornuestrolaredo.com\/index.php?rest_route=\/wp\/v2\/users\/1"}],"replies":[{"embeddable":true,"href":"https:\/\/pornuestrolaredo.com\/index.php?rest_route=%2Fwp%2Fv2%2Fcomments&post=836"}],"version-history":[{"count":1,"href":"https:\/\/pornuestrolaredo.com\/index.php?rest_route=\/wp\/v2\/posts\/836\/revisions"}],"predecessor-version":[{"id":838,"href":"https:\/\/pornuestrolaredo.com\/index.php?rest_route=\/wp\/v2\/posts\/836\/revisions\/838"}],"wp:featuredmedia":[{"embeddable":true,"href":"https:\/\/pornuestrolaredo.com\/index.php?rest_route=\/wp\/v2\/media\/837"}],"wp:attachment":[{"href":"https:\/\/pornuestrolaredo.com\/index.php?rest_route=%2Fwp%2Fv2%2Fmedia&parent=836"}],"wp:term":[{"taxonomy":"category","embeddable":true,"href":"https:\/\/pornuestrolaredo.com\/index.php?rest_route=%2Fwp%2Fv2%2Fcategories&post=836"},{"taxonomy":"post_tag","embeddable":true,"href":"https:\/\/pornuestrolaredo.com\/index.php?rest_route=%2Fwp%2Fv2%2Ftags&post=836"}],"curies":[{"name":"wp","href":"https:\/\/api.w.org\/{rel}","templated":true}]}}