{"id":839,"date":"2022-11-02T20:00:02","date_gmt":"2022-11-02T20:00:02","guid":{"rendered":"https:\/\/pornuestrolaredo.com\/?p=839"},"modified":"2022-11-02T20:00:04","modified_gmt":"2022-11-02T20:00:04","slug":"matan-a-su-maestra-por-ponerles-mala-calificacion","status":"publish","type":"post","link":"https:\/\/pornuestrolaredo.com\/?p=839","title":{"rendered":"Matan a su maestra por ponerles mala calificaci\u00f3n"},"content":{"rendered":"\n<p class=\"wp-block-paragraph\"><strong><em>DES MOINES, Iowa.- <\/em><\/strong>Dos adolescentes de Iowa mataron a su maestra de espa\u00f1ol el a\u00f1o pasado debido a la frustraci\u00f3n por una mala calificaci\u00f3n, dijeron los fiscales el martes en documentos judiciales que por primera vez revelan un posible motivo del asesinato.<\/p>\n\n\n\n<p class=\"wp-block-paragraph\">Los documentos fueron presentados antes de una audiencia del mi\u00e9rcoles en la que un juez escuchar\u00e1 los argumentos sobre si se debe suprimir algunas de las pruebas en contra de Willard Miller y Jeremy Goodale, quienes est\u00e1n acusados de asesinar a Nohema Graber, una profesora de espa\u00f1ol de escuela secundaria en la peque\u00f1a localidad de Fairfield.<\/p>\n\n\n\n<p class=\"wp-block-paragraph\">Una abogada de Miller ha solicitado a la corte de Fairfield que invalide cuatro \u00f3rdenes de registro y suprima evidencia de la casa de Miller, los comentarios que hizo a la polic\u00eda y la informaci\u00f3n tomada de su tel\u00e9fono celular y de la plataforma de redes sociales Snapchat.<\/p>\n\n\n\n<p class=\"wp-block-paragraph\">El cuerpo de Graber fue encontrado el 3 de noviembre de 2021, oculto bajo una lona debajo de una lona, una carretilla y unos rieles de ferrocarril en un parque de Fairfield. Hab\u00eda sido golpeada hasta la muerte con un bate de b\u00e9isbol.<\/p>\n\n\n\n<p class=\"wp-block-paragraph\">Fairfield es una ciudad de unos 9 mil 400 habitantes que est\u00e1 a unos 159 kil\u00f3metros (100 millas) de Des Moines.<\/p>\n\n\n\n<p class=\"wp-block-paragraph\">Los investigadores descubrieron que Miller se reuni\u00f3 con Graber en la escuela secundaria de Fairfield la tarde del 2 de noviembre de 2021 para discutir sus malas notas en clase. M\u00e1s tarde, Graber condujo su camioneta hasta un parque en el que se sab\u00eda que tomaba una caminata diaria despu\u00e9s de la escuela, afirman las autoridades.<\/p>\n\n\n\n<p class=\"wp-block-paragraph\">Los testigos vieron a dos varones en el asiento delantero de la vagoneta cuando se alejaba del parque menos de una hora despu\u00e9s.<\/p>\n\n\n\n<p class=\"wp-block-paragraph\">La vagoneta fue abandonada al final de un camino rural. Despu\u00e9s de recibir una llamada telef\u00f3nica de Goodale, un testigo recogi\u00f3 m\u00e1s tarde a Goodale y Miller mientras caminaban hacia la ciudad por esa carretera, se\u00f1alan los investigadores.<\/p>\n\n\n\n<p class=\"wp-block-paragraph\">En un interrogatorio policial, Miller describi\u00f3 la frustraci\u00f3n que ten\u00eda con la forma en que Graber ense\u00f1aba espa\u00f1ol y sobre c\u00f3mo la calificaci\u00f3n en su clase estaba bajando su promedio.<\/p>\n\n\n\n<blockquote class=\"wp-block-quote is-layout-flow wp-block-quote-is-layout-flow\">\n<p class=\"wp-block-paragraph\">Se cree que la mala calificaci\u00f3n es el motivo detr\u00e1s del asesinato de Graber, que conecta directamente a Miller\u201d, indican los documentos judiciales entregados a las autoridades por el fiscal del condado de Jefferson, Chauncey Moulding, y el fiscal general adjunto de Iowa, Scott Brown.<\/p>\n<\/blockquote>\n\n\n\n<p class=\"wp-block-paragraph\">En un principio, Miller neg\u00f3 cualquier implicaci\u00f3n en la desaparici\u00f3n de Graber, pero \u201cm\u00e1s tarde declar\u00f3 que ten\u00eda conocimiento de todo, pero que no particip\u00f3\u201d, seg\u00fan los registros judiciales.<\/p>\n\n\n\n<p class=\"wp-block-paragraph\">Dijo a la polic\u00eda que los verdaderos asesinos \u2014un \u201cgrupo ambulante de chicos enmascarados\u201d\u2014 lo obligaron a entregarles su carretilla para ayudar a mover su cuerpo y a conducir su van desde el parque.<\/p>\n\n\n\n<p class=\"wp-block-paragraph\">Los documentos afirman que un testigo proporcion\u00f3 fotos de una conversaci\u00f3n de Snapchat \u201cque identifican las admisiones de Goodale de que actu\u00f3 en conjunto con otra persona para provocar la muerte de Graber.\u201d<\/p>\n\n\n\n<p class=\"wp-block-paragraph\">El testigo identific\u00f3 a Goodale haciendo declaraciones que implican tanto a Goodale como a Miller por su nombre.<\/p>\n\n\n\n<p class=\"wp-block-paragraph\">La abogada de Miller, Christine Branstad, dice que las \u00f3rdenes de allanamiento fueron emitidas ilegalmente en parte porque \u201dlas autoridades no proporcionaron informaci\u00f3n al juez emisor para demostrar que el informante es confiable o que la informaci\u00f3n de \u00e9ste debe ser considerada confiable\u201d.<\/p>\n\n\n\n<p class=\"wp-block-paragraph\">El juicio de Miller est\u00e1 programado para el 20 de marzo en la ciudad de Council Bluffs y el de Goodale para el 5 de diciembre, en Davenport.<\/p>\n\n\n\n<p class=\"wp-block-paragraph\">Ambos adolescentes, que ahora tienen 17 a\u00f1os, ser\u00e1n juzgados como adultos. En Iowa, la pena por una condena de asesinato premeditado es de cadena perpetua. Las normas de la Corte Suprema de Iowa exigen que los menores condenados incluso por los delitos m\u00e1s graves tengan la oportunidad de obtener libertad condicional.<\/p>\n","protected":false},"excerpt":{"rendered":"<p>DES MOINES, Iowa.- Dos adolescentes de Iowa mataron a su maestra de espa\u00f1ol el a\u00f1o pasado debido a<\/p>\n","protected":false},"author":1,"featured_media":840,"comment_status":"open","ping_status":"open","sticky":false,"template":"","format":"standard","meta":{"_crdt_document":"","_jetpack_memberships_contains_paid_content":false,"footnotes":"","jetpack_publicize_message":"Dos adolescentes son acusados de asesinar a su profesora de espa\u00f1ol a batazos","jetpack_publicize_feature_enabled":true,"jetpack_social_post_already_shared":true,"jetpack_social_options":{"image_generator_settings":{"template":"highway","default_image_id":0,"font":"","enabled":false},"version":2},"_wpas_customize_per_network":false},"categories":[9],"tags":[],"class_list":["post-839","post","type-post","status-publish","format-standard","has-post-thumbnail","hentry","category-el-mundo"],"magazineBlocksPostFeaturedMedia":{"thumbnail":"https:\/\/pornuestrolaredo.com\/wp-content\/uploads\/2022\/11\/Stereo91-20221102-2-150x150.jpg","medium":"https:\/\/pornuestrolaredo.com\/wp-content\/uploads\/2022\/11\/Stereo91-20221102-2-300x200.jpg","medium_large":"https:\/\/pornuestrolaredo.com\/wp-content\/uploads\/2022\/11\/Stereo91-20221102-2.jpg","large":"https:\/\/pornuestrolaredo.com\/wp-content\/uploads\/2022\/11\/Stereo91-20221102-2.jpg","1536x1536":"https:\/\/pornuestrolaredo.com\/wp-content\/uploads\/2022\/11\/Stereo91-20221102-2.jpg","2048x2048":"https:\/\/pornuestrolaredo.com\/wp-content\/uploads\/2022\/11\/Stereo91-20221102-2.jpg","morenews-large":"https:\/\/pornuestrolaredo.com\/wp-content\/uploads\/2022\/11\/Stereo91-20221102-2.jpg","morenews-medium":"https:\/\/pornuestrolaredo.com\/wp-content\/uploads\/2022\/11\/Stereo91-20221102-2.jpg"},"magazineBlocksPostAuthor":{"name":"Redactor","avatar":"https:\/\/pornuestrolaredo.com\/wp-content\/litespeed\/avatar\/dca1d7ec750c399f025f23b0b314f4cf.jpg?ver=1777612120"},"magazineBlocksPostCommentsNumber":false,"magazineBlocksPostExcerpt":"DES MOINES, Iowa.- Dos adolescentes de Iowa mataron a su maestra de espa\u00f1ol el a\u00f1o pasado debido a","magazineBlocksPostCategories":["El Mundo"],"magazineBlocksPostViewCount":147,"magazineBlocksPostReadTime":4,"magazine_blocks_featured_image_url":{"full":["https:\/\/pornuestrolaredo.com\/wp-content\/uploads\/2022\/11\/Stereo91-20221102-2.jpg",743,495,false],"medium":["https:\/\/pornuestrolaredo.com\/wp-content\/uploads\/2022\/11\/Stereo91-20221102-2-300x200.jpg",300,200,true],"thumbnail":["https:\/\/pornuestrolaredo.com\/wp-content\/uploads\/2022\/11\/Stereo91-20221102-2-150x150.jpg",150,150,true]},"magazine_blocks_author":{"display_name":"Redactor","author_link":"https:\/\/pornuestrolaredo.com\/?author=1"},"magazine_blocks_comment":0,"magazine_blocks_author_image":"https:\/\/pornuestrolaredo.com\/wp-content\/litespeed\/avatar\/dca1d7ec750c399f025f23b0b314f4cf.jpg?ver=1777612120","magazine_blocks_category":"<a href=\"#\" class=\"category-link category-link-9\">El Mundo<\/a>","jetpack_publicize_connections":[],"featured_image_urls":{"full":["https:\/\/pornuestrolaredo.com\/wp-content\/uploads\/2022\/11\/Stereo91-20221102-2.jpg",743,495,false],"thumbnail":["https:\/\/pornuestrolaredo.com\/wp-content\/uploads\/2022\/11\/Stereo91-20221102-2-150x150.jpg",150,150,true],"medium":["https:\/\/pornuestrolaredo.com\/wp-content\/uploads\/2022\/11\/Stereo91-20221102-2-300x200.jpg",300,200,true],"medium_large":["https:\/\/pornuestrolaredo.com\/wp-content\/uploads\/2022\/11\/Stereo91-20221102-2.jpg",640,426,false],"large":["https:\/\/pornuestrolaredo.com\/wp-content\/uploads\/2022\/11\/Stereo91-20221102-2.jpg",640,426,false],"1536x1536":["https:\/\/pornuestrolaredo.com\/wp-content\/uploads\/2022\/11\/Stereo91-20221102-2.jpg",743,495,false],"2048x2048":["https:\/\/pornuestrolaredo.com\/wp-content\/uploads\/2022\/11\/Stereo91-20221102-2.jpg",743,495,false],"morenews-large":["https:\/\/pornuestrolaredo.com\/wp-content\/uploads\/2022\/11\/Stereo91-20221102-2.jpg",743,495,false],"morenews-medium":["https:\/\/pornuestrolaredo.com\/wp-content\/uploads\/2022\/11\/Stereo91-20221102-2.jpg",590,393,false]},"author_info":{"info":["Redactor"]},"category_info":"<a href=\"https:\/\/pornuestrolaredo.com\/?cat=9\" rel=\"category\">El Mundo<\/a>","tag_info":"El Mundo","comment_count":"0","jetpack_featured_media_url":"https:\/\/pornuestrolaredo.com\/wp-content\/uploads\/2022\/11\/Stereo91-20221102-2.jpg","jetpack_sharing_enabled":true,"_links":{"self":[{"href":"https:\/\/pornuestrolaredo.com\/index.php?rest_route=\/wp\/v2\/posts\/839","targetHints":{"allow":["GET"]}}],"collection":[{"href":"https:\/\/pornuestrolaredo.com\/index.php?rest_route=\/wp\/v2\/posts"}],"about":[{"href":"https:\/\/pornuestrolaredo.com\/index.php?rest_route=\/wp\/v2\/types\/post"}],"author":[{"embeddable":true,"href":"https:\/\/pornuestrolaredo.com\/index.php?rest_route=\/wp\/v2\/users\/1"}],"replies":[{"embeddable":true,"href":"https:\/\/pornuestrolaredo.com\/index.php?rest_route=%2Fwp%2Fv2%2Fcomments&post=839"}],"version-history":[{"count":1,"href":"https:\/\/pornuestrolaredo.com\/index.php?rest_route=\/wp\/v2\/posts\/839\/revisions"}],"predecessor-version":[{"id":841,"href":"https:\/\/pornuestrolaredo.com\/index.php?rest_route=\/wp\/v2\/posts\/839\/revisions\/841"}],"wp:featuredmedia":[{"embeddable":true,"href":"https:\/\/pornuestrolaredo.com\/index.php?rest_route=\/wp\/v2\/media\/840"}],"wp:attachment":[{"href":"https:\/\/pornuestrolaredo.com\/index.php?rest_route=%2Fwp%2Fv2%2Fmedia&parent=839"}],"wp:term":[{"taxonomy":"category","embeddable":true,"href":"https:\/\/pornuestrolaredo.com\/index.php?rest_route=%2Fwp%2Fv2%2Fcategories&post=839"},{"taxonomy":"post_tag","embeddable":true,"href":"https:\/\/pornuestrolaredo.com\/index.php?rest_route=%2Fwp%2Fv2%2Ftags&post=839"}],"curies":[{"name":"wp","href":"https:\/\/api.w.org\/{rel}","templated":true}]}}