{"id":842,"date":"2022-11-04T19:16:08","date_gmt":"2022-11-04T19:16:08","guid":{"rendered":"https:\/\/pornuestrolaredo.com\/?p=842"},"modified":"2022-11-04T19:16:10","modified_gmt":"2022-11-04T19:16:10","slug":"aprueban-ampliar-vacaciones-en-mexico","status":"publish","type":"post","link":"https:\/\/pornuestrolaredo.com\/?p=842","title":{"rendered":"Aprueban ampliar vacaciones en M\u00e9xico"},"content":{"rendered":"\n<p class=\"wp-block-paragraph\"><strong>\u00bfC\u00d3MO QUEDA?<\/strong><\/p>\n\n\n\n<ul class=\"wp-block-list\">\n<li>La nueva ley laboral entrar\u00e1 en vigor el 1 de enero de 2023 o si se publica antes en el Diario Oficial, ser\u00e1 al d\u00eda siguiente.<\/li>\n\n\n\n<li>No es retroactiva, es decir, a usted no \u201cle deben\u201d los d\u00edas de a\u00f1os anteriores que ya tom\u00f3.<\/li>\n\n\n\n<li>Sin embargo, s\u00ed le corresponder\u00e1n m\u00e1s d\u00edas al cumplir un a\u00f1o m\u00e1s en su trabajo a partir del 2023.<\/li>\n\n\n\n<li>En otras palabras, antes de la reforma si usted en 2023 cumpl\u00eda 5 a\u00f1os, le dar\u00edan 14 d\u00edas, pero ahora ser\u00e1n 20.<\/li>\n<\/ul>\n\n\n\n<p class=\"wp-block-paragraph\"><strong><em>CIUDAD DE M\u00c9XICO.-<\/em><\/strong> Por unanimidad, con 89 votos en favor, el Pleno del Senado aprob\u00f3 el dictamen que eleva el periodo de vacaciones de los trabajadores; en el caso del primer a\u00f1o, pasa de de 6 a 12 d\u00edas.<\/p>\n\n\n\n<p class=\"wp-block-paragraph\">Senadores explicaron que, con esta reforma, se duplicar\u00e1n las vacaciones pagadas de los empleados, pues el periodo aumentar\u00e1 dos d\u00edas por cada a\u00f1o laborado hasta llegar a un m\u00e1ximo de 20 d\u00edas. A partir del sexto a\u00f1o, se elevar\u00e1 en dos d\u00edas por cada 5 a\u00f1os trabajados. El dictamen fue turnado a la C\u00e1mara de Diputados.<\/p>\n\n\n\n<p class=\"wp-block-paragraph\">Al medio d\u00eda, l\u00edderes de las centrales obreras m\u00e1s poderosas se hab\u00edan apersonado en la sede parlamentaria para exigir que el dictamen fuese revisado por el Pleno. De hecho, poco antes de las 4:00 de la tarde, hora de Ciudad de M\u00e9xico, el presidente del Senado, Alejandro Armenta, ya hab\u00eda levantado la sesi\u00f3n.<\/p>\n\n\n\n<p class=\"wp-block-paragraph\">Antes de que Armenta tocara la campanilla, el senador Ricardo Monreal, coordinador de Morena, pidi\u00f3 desde su esca\u00f1o que el tema fuese tratado. El presidente consult\u00f3 a la asamblea y se convino en que el asunto fuese desahogado.<\/p>\n\n\n\n<blockquote class=\"wp-block-quote is-layout-flow wp-block-quote-is-layout-flow\">\n<p class=\"wp-block-paragraph\">Algunos l\u00edderes obreros charros y corruptos trataron de culparme de que el dictamen se hab\u00eda retirado por mi causa&#8221;, aleg\u00f3 el zacatecano.<\/p>\n<\/blockquote>\n\n\n\n<p class=\"wp-block-paragraph\">En lo que concierne al rubro de las vacaciones, la Ley Federal del Trabajo no hab\u00eda sido reformada desde abril de 1970.<\/p>\n\n\n\n<blockquote class=\"wp-block-quote is-layout-flow wp-block-quote-is-layout-flow\">\n<p class=\"wp-block-paragraph\">Los trabajadores no son m\u00e1quinas para trabajar sin descanso. Es alarmante el poco descanso que los trabajadores han recibido&#8221;, plante\u00f3 el senador Napole\u00f3n G\u00f3mez Urrutia, presidente de la Comisi\u00f3n del Trabajo.<\/p>\n<\/blockquote>\n\n\n\n<blockquote class=\"wp-block-quote is-layout-flow wp-block-quote-is-layout-flow\">\n<p class=\"wp-block-paragraph\">Estamos en ruta de saldar una deuda hist\u00f3rica para revertir las condiciones de precariedad del empleo&#8221;, sostuvo el senador Rafael Espino, de Morena.<\/p>\n<\/blockquote>\n\n\n\n<p class=\"wp-block-paragraph\">Por el grupo plural, Nancy de la Sierra, explic\u00f3 que si los patrones requieren de una &#8220;fuerza laboral productiva, los trabajadores deben estar bien, con salud f\u00edsica y mental&#8221;. Adem\u00e1s record\u00f3 que la Organizaci\u00f3n Internacional del Trabajo (OIT) recomienda un periodo vacacional de 18 d\u00edas al a\u00f1o.<\/p>\n\n\n\n<p class=\"wp-block-paragraph\">La senadora Patricia Mercado, una de las impulsoras de la iniciativa, consider\u00f3 que la reforma representa &#8220;un triunfo de los trabajadores que se han hecho escuchar&#8221;.<\/p>\n\n\n\n<p class=\"wp-block-paragraph\">Por el PT, Geovanna Ba\u00f1uelos asegur\u00f3 que M\u00e9xico &#8220;tiene los periodos vacacionales m\u00e1s cortos en el mundo&#8221;.<\/p>\n\n\n\n<p class=\"wp-block-paragraph\">El panista V\u00edctor Fuentes cuestion\u00f3 que los empresarios, gobernadores, diputados y senadores se tomen &#8220;muchos d\u00edas de descanso&#8221;.<\/p>\n","protected":false},"excerpt":{"rendered":"<p>\u00bfC\u00d3MO QUEDA? CIUDAD DE M\u00c9XICO.- Por unanimidad, con 89 votos en favor, el Pleno del Senado aprob\u00f3 el<\/p>\n","protected":false},"author":1,"featured_media":843,"comment_status":"open","ping_status":"open","sticky":false,"template":"","format":"standard","meta":{"_crdt_document":"","_jetpack_memberships_contains_paid_content":false,"footnotes":"","jetpack_publicize_message":"Ahora, recibir\u00e1n 12 en lugar de 6 d\u00edas en el primer a\u00f1o y al llegar a 5 ser\u00e1 de 20 d\u00edas; a partir de ah\u00ed, se agregar\u00e1n dos d\u00edas cada cinco a\u00f1os","jetpack_publicize_feature_enabled":true,"jetpack_social_post_already_shared":true,"jetpack_social_options":{"image_generator_settings":{"template":"highway","default_image_id":0,"font":"","enabled":false},"version":2},"_wpas_customize_per_network":false},"categories":[9],"tags":[],"class_list":["post-842","post","type-post","status-publish","format-standard","has-post-thumbnail","hentry","category-el-mundo"],"magazineBlocksPostFeaturedMedia":{"thumbnail":"https:\/\/pornuestrolaredo.com\/wp-content\/uploads\/2022\/11\/PNL-20221104-3-150x150.jpeg","medium":"https:\/\/pornuestrolaredo.com\/wp-content\/uploads\/2022\/11\/PNL-20221104-3-300x200.jpeg","medium_large":"https:\/\/pornuestrolaredo.com\/wp-content\/uploads\/2022\/11\/PNL-20221104-3-768x512.jpeg","large":"https:\/\/pornuestrolaredo.com\/wp-content\/uploads\/2022\/11\/PNL-20221104-3.jpeg","1536x1536":"https:\/\/pornuestrolaredo.com\/wp-content\/uploads\/2022\/11\/PNL-20221104-3.jpeg","2048x2048":"https:\/\/pornuestrolaredo.com\/wp-content\/uploads\/2022\/11\/PNL-20221104-3.jpeg","morenews-large":"https:\/\/pornuestrolaredo.com\/wp-content\/uploads\/2022\/11\/PNL-20221104-3.jpeg","morenews-medium":"https:\/\/pornuestrolaredo.com\/wp-content\/uploads\/2022\/11\/PNL-20221104-3.jpeg"},"magazineBlocksPostAuthor":{"name":"Redactor","avatar":"https:\/\/pornuestrolaredo.com\/wp-content\/litespeed\/avatar\/dca1d7ec750c399f025f23b0b314f4cf.jpg?ver=1777612120"},"magazineBlocksPostCommentsNumber":false,"magazineBlocksPostExcerpt":"\u00bfC\u00d3MO QUEDA? CIUDAD DE M\u00c9XICO.- Por unanimidad, con 89 votos en favor, el Pleno del Senado aprob\u00f3 el","magazineBlocksPostCategories":["El Mundo"],"magazineBlocksPostViewCount":128,"magazineBlocksPostReadTime":3,"magazine_blocks_featured_image_url":{"full":["https:\/\/pornuestrolaredo.com\/wp-content\/uploads\/2022\/11\/PNL-20221104-3.jpeg",960,640,false],"medium":["https:\/\/pornuestrolaredo.com\/wp-content\/uploads\/2022\/11\/PNL-20221104-3-300x200.jpeg",300,200,true],"thumbnail":["https:\/\/pornuestrolaredo.com\/wp-content\/uploads\/2022\/11\/PNL-20221104-3-150x150.jpeg",150,150,true]},"magazine_blocks_author":{"display_name":"Redactor","author_link":"https:\/\/pornuestrolaredo.com\/?author=1"},"magazine_blocks_comment":0,"magazine_blocks_author_image":"https:\/\/pornuestrolaredo.com\/wp-content\/litespeed\/avatar\/dca1d7ec750c399f025f23b0b314f4cf.jpg?ver=1777612120","magazine_blocks_category":"<a href=\"#\" class=\"category-link category-link-9\">El Mundo<\/a>","jetpack_publicize_connections":[],"featured_image_urls":{"full":["https:\/\/pornuestrolaredo.com\/wp-content\/uploads\/2022\/11\/PNL-20221104-3.jpeg",960,640,false],"thumbnail":["https:\/\/pornuestrolaredo.com\/wp-content\/uploads\/2022\/11\/PNL-20221104-3-150x150.jpeg",150,150,true],"medium":["https:\/\/pornuestrolaredo.com\/wp-content\/uploads\/2022\/11\/PNL-20221104-3-300x200.jpeg",300,200,true],"medium_large":["https:\/\/pornuestrolaredo.com\/wp-content\/uploads\/2022\/11\/PNL-20221104-3-768x512.jpeg",640,427,true],"large":["https:\/\/pornuestrolaredo.com\/wp-content\/uploads\/2022\/11\/PNL-20221104-3.jpeg",640,427,false],"1536x1536":["https:\/\/pornuestrolaredo.com\/wp-content\/uploads\/2022\/11\/PNL-20221104-3.jpeg",960,640,false],"2048x2048":["https:\/\/pornuestrolaredo.com\/wp-content\/uploads\/2022\/11\/PNL-20221104-3.jpeg",960,640,false],"morenews-large":["https:\/\/pornuestrolaredo.com\/wp-content\/uploads\/2022\/11\/PNL-20221104-3.jpeg",825,550,false],"morenews-medium":["https:\/\/pornuestrolaredo.com\/wp-content\/uploads\/2022\/11\/PNL-20221104-3.jpeg",590,393,false]},"author_info":{"info":["Redactor"]},"category_info":"<a href=\"https:\/\/pornuestrolaredo.com\/?cat=9\" rel=\"category\">El Mundo<\/a>","tag_info":"El Mundo","comment_count":"0","jetpack_featured_media_url":"https:\/\/pornuestrolaredo.com\/wp-content\/uploads\/2022\/11\/PNL-20221104-3.jpeg","jetpack_sharing_enabled":true,"_links":{"self":[{"href":"https:\/\/pornuestrolaredo.com\/index.php?rest_route=\/wp\/v2\/posts\/842","targetHints":{"allow":["GET"]}}],"collection":[{"href":"https:\/\/pornuestrolaredo.com\/index.php?rest_route=\/wp\/v2\/posts"}],"about":[{"href":"https:\/\/pornuestrolaredo.com\/index.php?rest_route=\/wp\/v2\/types\/post"}],"author":[{"embeddable":true,"href":"https:\/\/pornuestrolaredo.com\/index.php?rest_route=\/wp\/v2\/users\/1"}],"replies":[{"embeddable":true,"href":"https:\/\/pornuestrolaredo.com\/index.php?rest_route=%2Fwp%2Fv2%2Fcomments&post=842"}],"version-history":[{"count":1,"href":"https:\/\/pornuestrolaredo.com\/index.php?rest_route=\/wp\/v2\/posts\/842\/revisions"}],"predecessor-version":[{"id":844,"href":"https:\/\/pornuestrolaredo.com\/index.php?rest_route=\/wp\/v2\/posts\/842\/revisions\/844"}],"wp:featuredmedia":[{"embeddable":true,"href":"https:\/\/pornuestrolaredo.com\/index.php?rest_route=\/wp\/v2\/media\/843"}],"wp:attachment":[{"href":"https:\/\/pornuestrolaredo.com\/index.php?rest_route=%2Fwp%2Fv2%2Fmedia&parent=842"}],"wp:term":[{"taxonomy":"category","embeddable":true,"href":"https:\/\/pornuestrolaredo.com\/index.php?rest_route=%2Fwp%2Fv2%2Fcategories&post=842"},{"taxonomy":"post_tag","embeddable":true,"href":"https:\/\/pornuestrolaredo.com\/index.php?rest_route=%2Fwp%2Fv2%2Ftags&post=842"}],"curies":[{"name":"wp","href":"https:\/\/api.w.org\/{rel}","templated":true}]}}