{"id":845,"date":"2022-11-05T16:40:39","date_gmt":"2022-11-05T16:40:39","guid":{"rendered":"https:\/\/pornuestrolaredo.com\/?p=845"},"modified":"2022-11-05T16:40:41","modified_gmt":"2022-11-05T16:40:41","slug":"trabajaran-para-mejorar-transporte-publico","status":"publish","type":"post","link":"https:\/\/pornuestrolaredo.com\/?p=845","title":{"rendered":"Trabajar\u00e1n para mejorar transporte p\u00fablico"},"content":{"rendered":"\n<p class=\"wp-block-paragraph\"><strong><em>NUEVO LAREDO.-<\/em><\/strong> Para atender una de las principales demandas de la ciudadan\u00eda, la alcaldesa Carmen Lilia Canturosas Villarreal sostuvo una reuni\u00f3n de trabajo con Jos\u00e9 Armando Lara Vald\u00e9z, subsecretario de Transporte P\u00fablico del gobierno del estado.<\/p>\n\n\n\n<p class=\"wp-block-paragraph\">En una gira por la frontera tamaulipeca, el funcionario estatal lleg\u00f3 a Nuevo Laredo para presentar a Gilberto Mart\u00ednez Arcega como nuevo delegado de esta dependencia en la ciudad, adem\u00e1s de proyectar junto a la presidenta municipal, un plan de mejora al transporte p\u00fablico en esta frontera.<\/p>\n\n\n\n<blockquote class=\"wp-block-quote is-layout-flow wp-block-quote-is-layout-flow\">\n<p class=\"wp-block-paragraph\">Sabemos que este es un tema que la ciudadan\u00eda constantemente nos solicita mejorar y hoy gracias a la voluntad y compromiso del gobernador Am\u00e9rico Villarreal, trabajaremos en conjunto para darle una soluci\u00f3n a la problem\u00e1tica y que los ciudadanos cuenten con un servicio digno\u201d, destac\u00f3 Canturosas Villarreal.<\/p>\n<\/blockquote>\n\n\n\n<p class=\"wp-block-paragraph\">Lara Vald\u00e9z reiter\u00f3 que de parte del gobernador, recibi\u00f3 la encomienda de buscar un mejor servicio y atenci\u00f3n para los ciudadanos y es por eso que se encuentra visitando los municipios, para impulsar proyectos de mejora.<\/p>\n\n\n\n<blockquote class=\"wp-block-quote is-layout-flow wp-block-quote-is-layout-flow\">\n<p class=\"wp-block-paragraph\">A trav\u00e9s de nuestro delegado Gilberto Mart\u00ednez, estaremos atentos a las necesidades de Nuevo Laredo y lo que requiere su poblaci\u00f3n, ahora tendremos una alta comunicaci\u00f3n que anteriormente no se ten\u00eda y con esto podremos tomar decisiones acertadas junto a la presidenta municipal\u201d, indic\u00f3.<\/p>\n<\/blockquote>\n\n\n\n<p class=\"wp-block-paragraph\">Inform\u00f3 que se dise\u00f1ar\u00e1n nuevas rutas debido al crecimiento de Nuevo Laredo con la llegada de centros de trabajo para atender la demanda de acceso que requieren los ciudadanos y tengan un menor tiempo de espera.<\/p>\n\n\n\n<blockquote class=\"wp-block-quote is-layout-flow wp-block-quote-is-layout-flow\">\n<p class=\"wp-block-paragraph\">Trabajaremos para conseguir nuevas unidades, ya que las que se encuentran en la ciudad tienen m\u00e1s de 25 a\u00f1os en uso y las concesiones se otorgan para que estas se renueven cada 10 a\u00f1os y es un tema que, junto a la alcaldesa, discutiremos con los encargados para que las actualicen\u201d, asegur\u00f3.<\/p>\n<\/blockquote>\n\n\n\n<p class=\"wp-block-paragraph\">El subsecretario estuvo acompa\u00f1ado por el Director Institucional de la Subsecretar\u00eda de Transporte P\u00fablico, Miguel Guerra, quien de igual forma reiter\u00f3 el compromiso de trabajar para que los ciudadanos cuenten con un mejor servicio. <\/p>\n\n\n\n<p class=\"wp-block-paragraph\">El Gobierno del Estado y Municipal trabajar\u00e1n como aliados para brindar bienestar a las familias neolaredenses, impulsar el crecimiento econ\u00f3mico de la ciudad y as\u00ed, transformar a Nuevo Laredo en el Nuevo Coraz\u00f3n de Tamaulipas.<\/p>\n","protected":false},"excerpt":{"rendered":"<p>NUEVO LAREDO.- Para atender una de las principales demandas de la ciudadan\u00eda, la alcaldesa Carmen Lilia Canturosas Villarreal<\/p>\n","protected":false},"author":1,"featured_media":846,"comment_status":"open","ping_status":"open","sticky":false,"template":"","format":"standard","meta":{"_crdt_document":"","_jetpack_memberships_contains_paid_content":false,"footnotes":"","jetpack_publicize_message":"Se unen los gobiernos Municipal y Estatal para realizar proyecto y darle a la ciudadan\u00eda un servicio digno","jetpack_publicize_feature_enabled":true,"jetpack_social_post_already_shared":true,"jetpack_social_options":{"image_generator_settings":{"template":"highway","default_image_id":0,"font":"","enabled":false},"version":2},"_wpas_customize_per_network":false},"categories":[4],"tags":[],"class_list":["post-845","post","type-post","status-publish","format-standard","has-post-thumbnail","hentry","category-los-dos-laredos"],"magazineBlocksPostFeaturedMedia":{"thumbnail":"https:\/\/pornuestrolaredo.com\/wp-content\/uploads\/2022\/11\/PNL-20221105-2-150x150.jpg","medium":"https:\/\/pornuestrolaredo.com\/wp-content\/uploads\/2022\/11\/PNL-20221105-2-300x200.jpg","medium_large":"https:\/\/pornuestrolaredo.com\/wp-content\/uploads\/2022\/11\/PNL-20221105-2-768x512.jpg","large":"https:\/\/pornuestrolaredo.com\/wp-content\/uploads\/2022\/11\/PNL-20221105-2.jpg","1536x1536":"https:\/\/pornuestrolaredo.com\/wp-content\/uploads\/2022\/11\/PNL-20221105-2.jpg","2048x2048":"https:\/\/pornuestrolaredo.com\/wp-content\/uploads\/2022\/11\/PNL-20221105-2.jpg","morenews-large":"https:\/\/pornuestrolaredo.com\/wp-content\/uploads\/2022\/11\/PNL-20221105-2.jpg","morenews-medium":"https:\/\/pornuestrolaredo.com\/wp-content\/uploads\/2022\/11\/PNL-20221105-2.jpg"},"magazineBlocksPostAuthor":{"name":"Redactor","avatar":"https:\/\/pornuestrolaredo.com\/wp-content\/litespeed\/avatar\/dca1d7ec750c399f025f23b0b314f4cf.jpg?ver=1777612120"},"magazineBlocksPostCommentsNumber":false,"magazineBlocksPostExcerpt":"NUEVO LAREDO.- Para atender una de las principales demandas de la ciudadan\u00eda, la alcaldesa Carmen Lilia Canturosas Villarreal","magazineBlocksPostCategories":["Los dos Laredos"],"magazineBlocksPostViewCount":121,"magazineBlocksPostReadTime":2,"magazine_blocks_featured_image_url":{"full":["https:\/\/pornuestrolaredo.com\/wp-content\/uploads\/2022\/11\/PNL-20221105-2.jpg",992,661,false],"medium":["https:\/\/pornuestrolaredo.com\/wp-content\/uploads\/2022\/11\/PNL-20221105-2-300x200.jpg",300,200,true],"thumbnail":["https:\/\/pornuestrolaredo.com\/wp-content\/uploads\/2022\/11\/PNL-20221105-2-150x150.jpg",150,150,true]},"magazine_blocks_author":{"display_name":"Redactor","author_link":"https:\/\/pornuestrolaredo.com\/?author=1"},"magazine_blocks_comment":0,"magazine_blocks_author_image":"https:\/\/pornuestrolaredo.com\/wp-content\/litespeed\/avatar\/dca1d7ec750c399f025f23b0b314f4cf.jpg?ver=1777612120","magazine_blocks_category":"<a href=\"#\" class=\"category-link category-link-4\">Los dos Laredos<\/a>","jetpack_publicize_connections":[],"featured_image_urls":{"full":["https:\/\/pornuestrolaredo.com\/wp-content\/uploads\/2022\/11\/PNL-20221105-2.jpg",992,661,false],"thumbnail":["https:\/\/pornuestrolaredo.com\/wp-content\/uploads\/2022\/11\/PNL-20221105-2-150x150.jpg",150,150,true],"medium":["https:\/\/pornuestrolaredo.com\/wp-content\/uploads\/2022\/11\/PNL-20221105-2-300x200.jpg",300,200,true],"medium_large":["https:\/\/pornuestrolaredo.com\/wp-content\/uploads\/2022\/11\/PNL-20221105-2-768x512.jpg",640,427,true],"large":["https:\/\/pornuestrolaredo.com\/wp-content\/uploads\/2022\/11\/PNL-20221105-2.jpg",640,426,false],"1536x1536":["https:\/\/pornuestrolaredo.com\/wp-content\/uploads\/2022\/11\/PNL-20221105-2.jpg",992,661,false],"2048x2048":["https:\/\/pornuestrolaredo.com\/wp-content\/uploads\/2022\/11\/PNL-20221105-2.jpg",992,661,false],"morenews-large":["https:\/\/pornuestrolaredo.com\/wp-content\/uploads\/2022\/11\/PNL-20221105-2.jpg",825,550,false],"morenews-medium":["https:\/\/pornuestrolaredo.com\/wp-content\/uploads\/2022\/11\/PNL-20221105-2.jpg",590,393,false]},"author_info":{"info":["Redactor"]},"category_info":"<a href=\"https:\/\/pornuestrolaredo.com\/?cat=4\" rel=\"category\">Los dos Laredos<\/a>","tag_info":"Los dos Laredos","comment_count":"0","jetpack_featured_media_url":"https:\/\/pornuestrolaredo.com\/wp-content\/uploads\/2022\/11\/PNL-20221105-2.jpg","jetpack_sharing_enabled":true,"_links":{"self":[{"href":"https:\/\/pornuestrolaredo.com\/index.php?rest_route=\/wp\/v2\/posts\/845","targetHints":{"allow":["GET"]}}],"collection":[{"href":"https:\/\/pornuestrolaredo.com\/index.php?rest_route=\/wp\/v2\/posts"}],"about":[{"href":"https:\/\/pornuestrolaredo.com\/index.php?rest_route=\/wp\/v2\/types\/post"}],"author":[{"embeddable":true,"href":"https:\/\/pornuestrolaredo.com\/index.php?rest_route=\/wp\/v2\/users\/1"}],"replies":[{"embeddable":true,"href":"https:\/\/pornuestrolaredo.com\/index.php?rest_route=%2Fwp%2Fv2%2Fcomments&post=845"}],"version-history":[{"count":1,"href":"https:\/\/pornuestrolaredo.com\/index.php?rest_route=\/wp\/v2\/posts\/845\/revisions"}],"predecessor-version":[{"id":847,"href":"https:\/\/pornuestrolaredo.com\/index.php?rest_route=\/wp\/v2\/posts\/845\/revisions\/847"}],"wp:featuredmedia":[{"embeddable":true,"href":"https:\/\/pornuestrolaredo.com\/index.php?rest_route=\/wp\/v2\/media\/846"}],"wp:attachment":[{"href":"https:\/\/pornuestrolaredo.com\/index.php?rest_route=%2Fwp%2Fv2%2Fmedia&parent=845"}],"wp:term":[{"taxonomy":"category","embeddable":true,"href":"https:\/\/pornuestrolaredo.com\/index.php?rest_route=%2Fwp%2Fv2%2Fcategories&post=845"},{"taxonomy":"post_tag","embeddable":true,"href":"https:\/\/pornuestrolaredo.com\/index.php?rest_route=%2Fwp%2Fv2%2Ftags&post=845"}],"curies":[{"name":"wp","href":"https:\/\/api.w.org\/{rel}","templated":true}]}}