{"id":848,"date":"2022-11-07T00:12:33","date_gmt":"2022-11-07T00:12:33","guid":{"rendered":"https:\/\/pornuestrolaredo.com\/?p=848"},"modified":"2022-11-07T00:12:35","modified_gmt":"2022-11-07T00:12:35","slug":"habra-el-martes-un-gran-eclipse-lunar","status":"publish","type":"post","link":"https:\/\/pornuestrolaredo.com\/?p=848","title":{"rendered":"Habr\u00e1 el martes un gran eclipse lunar"},"content":{"rendered":"\n<p class=\"wp-block-paragraph\"><strong><em>CABO CA\u00d1AVERAL.-<\/em><\/strong> El martes se podr\u00e1 ver un eclipse lunar que no se repetir\u00e1 en tres a\u00f1os.<\/p>\n\n\n\n<p class=\"wp-block-paragraph\">El eclipse lunar total se ver\u00e1 en toda Norteam\u00e9rica de madrugada &#8212; mientras m\u00e1s hacia el occidente mejor se ver\u00e1 &#8212; adem\u00e1s de en Asia, Australia y el resto del Pac\u00edfico tras el ocaso del sol. Ser\u00e1 visible en algunas zonas de M\u00e9xico, aunque mucho mejor en ciudades del occidente, como Guadalajara, Tijuana y Chihuahua.<\/p>\n\n\n\n<p class=\"wp-block-paragraph\">Adem\u00e1s, el planeta Urano se ver\u00e1 un poco encima de la Luna, con apariencia de una gran estrella brillante.<\/p>\n\n\n\n<p class=\"wp-block-paragraph\">El eclipse total durar\u00e1 aproximadamente una hora y media, de 4:16 a 5:41 de la ma\u00f1ana, hora de Ciudad de M\u00e9xico, cuando la Tierra pasar\u00e1 directamente entre el Sol y la Luna.<\/p>\n\n\n\n<p class=\"wp-block-paragraph\">La Luna se ver\u00e1 de color rojo\/naranja, al reflejar la luz de las salidas y puestas del Sol en la Tierra. En la c\u00faspide del eclipse, la Luna estar\u00e1 a 390 mil 653 kil\u00f3metros de la Tierra (242 mil 740 millas), seg\u00fan cient\u00edficos de la NASA. Si los cielos est\u00e1n despejados, se podr\u00e1 ver bien, aunque mejor con telescopios o binoculares.<\/p>\n\n\n\n<p class=\"wp-block-paragraph\">El eclipse se podr\u00e1 ver en Sudam\u00e9rica si el clima lo permite. Pero \u00c1frica, el Medio Oriente y la mayor parte de Europa tendr\u00e1n que esperar hasta el 2025.<\/p>\n\n\n\n<p class=\"wp-block-paragraph\">Entre los que ofrecer\u00e1n una transmisi\u00f3n en vivo por \u201clivestream\u201d est\u00e1n el Observatorio Griffith de Los \u00c1ngeles y el Proyecto Telescopio Virtual basado en Italia. Es el segundo eclipse lunar total este a\u00f1o; el primero fue en mayo. El pr\u00f3ximo ser\u00e1 en el 2025. Pero entretanto habr\u00e1 bastantes eclipses parciales.<\/p>\n","protected":false},"excerpt":{"rendered":"<p>CABO CA\u00d1AVERAL.- El martes se podr\u00e1 ver un eclipse lunar que no se repetir\u00e1 en tres a\u00f1os. El<\/p>\n","protected":false},"author":1,"featured_media":849,"comment_status":"open","ping_status":"open","sticky":false,"template":"","format":"standard","meta":{"_crdt_document":"","_jetpack_memberships_contains_paid_content":false,"footnotes":"","jetpack_publicize_message":"La Luna cambiar\u00e1 de color hasta volverse roja por la madrugada, pero se apreciar\u00e1 mejor en Estados Unidos y algunas zonas del occidente de M\u00e9xico","jetpack_publicize_feature_enabled":true,"jetpack_social_post_already_shared":true,"jetpack_social_options":{"image_generator_settings":{"template":"highway","default_image_id":0,"font":"","enabled":false},"version":2},"_wpas_customize_per_network":false},"categories":[9],"tags":[],"class_list":["post-848","post","type-post","status-publish","format-standard","has-post-thumbnail","hentry","category-el-mundo"],"magazineBlocksPostFeaturedMedia":{"thumbnail":"https:\/\/pornuestrolaredo.com\/wp-content\/uploads\/2022\/11\/Stereo91-20221106-1-150x150.jpeg","medium":"https:\/\/pornuestrolaredo.com\/wp-content\/uploads\/2022\/11\/Stereo91-20221106-1-300x200.jpeg","medium_large":"https:\/\/pornuestrolaredo.com\/wp-content\/uploads\/2022\/11\/Stereo91-20221106-1-768x512.jpeg","large":"https:\/\/pornuestrolaredo.com\/wp-content\/uploads\/2022\/11\/Stereo91-20221106-1.jpeg","1536x1536":"https:\/\/pornuestrolaredo.com\/wp-content\/uploads\/2022\/11\/Stereo91-20221106-1.jpeg","2048x2048":"https:\/\/pornuestrolaredo.com\/wp-content\/uploads\/2022\/11\/Stereo91-20221106-1.jpeg","morenews-large":"https:\/\/pornuestrolaredo.com\/wp-content\/uploads\/2022\/11\/Stereo91-20221106-1.jpeg","morenews-medium":"https:\/\/pornuestrolaredo.com\/wp-content\/uploads\/2022\/11\/Stereo91-20221106-1.jpeg"},"magazineBlocksPostAuthor":{"name":"Redactor","avatar":"https:\/\/pornuestrolaredo.com\/wp-content\/litespeed\/avatar\/dca1d7ec750c399f025f23b0b314f4cf.jpg?ver=1777612120"},"magazineBlocksPostCommentsNumber":false,"magazineBlocksPostExcerpt":"CABO CA\u00d1AVERAL.- El martes se podr\u00e1 ver un eclipse lunar que no se repetir\u00e1 en tres a\u00f1os. El","magazineBlocksPostCategories":["El Mundo"],"magazineBlocksPostViewCount":138,"magazineBlocksPostReadTime":2,"magazine_blocks_featured_image_url":{"full":["https:\/\/pornuestrolaredo.com\/wp-content\/uploads\/2022\/11\/Stereo91-20221106-1.jpeg",1000,667,false],"medium":["https:\/\/pornuestrolaredo.com\/wp-content\/uploads\/2022\/11\/Stereo91-20221106-1-300x200.jpeg",300,200,true],"thumbnail":["https:\/\/pornuestrolaredo.com\/wp-content\/uploads\/2022\/11\/Stereo91-20221106-1-150x150.jpeg",150,150,true]},"magazine_blocks_author":{"display_name":"Redactor","author_link":"https:\/\/pornuestrolaredo.com\/?author=1"},"magazine_blocks_comment":0,"magazine_blocks_author_image":"https:\/\/pornuestrolaredo.com\/wp-content\/litespeed\/avatar\/dca1d7ec750c399f025f23b0b314f4cf.jpg?ver=1777612120","magazine_blocks_category":"<a href=\"#\" class=\"category-link category-link-9\">El Mundo<\/a>","jetpack_publicize_connections":[],"featured_image_urls":{"full":["https:\/\/pornuestrolaredo.com\/wp-content\/uploads\/2022\/11\/Stereo91-20221106-1.jpeg",1000,667,false],"thumbnail":["https:\/\/pornuestrolaredo.com\/wp-content\/uploads\/2022\/11\/Stereo91-20221106-1-150x150.jpeg",150,150,true],"medium":["https:\/\/pornuestrolaredo.com\/wp-content\/uploads\/2022\/11\/Stereo91-20221106-1-300x200.jpeg",300,200,true],"medium_large":["https:\/\/pornuestrolaredo.com\/wp-content\/uploads\/2022\/11\/Stereo91-20221106-1-768x512.jpeg",640,427,true],"large":["https:\/\/pornuestrolaredo.com\/wp-content\/uploads\/2022\/11\/Stereo91-20221106-1.jpeg",640,427,false],"1536x1536":["https:\/\/pornuestrolaredo.com\/wp-content\/uploads\/2022\/11\/Stereo91-20221106-1.jpeg",1000,667,false],"2048x2048":["https:\/\/pornuestrolaredo.com\/wp-content\/uploads\/2022\/11\/Stereo91-20221106-1.jpeg",1000,667,false],"morenews-large":["https:\/\/pornuestrolaredo.com\/wp-content\/uploads\/2022\/11\/Stereo91-20221106-1.jpeg",825,550,false],"morenews-medium":["https:\/\/pornuestrolaredo.com\/wp-content\/uploads\/2022\/11\/Stereo91-20221106-1.jpeg",590,394,false]},"author_info":{"info":["Redactor"]},"category_info":"<a href=\"https:\/\/pornuestrolaredo.com\/?cat=9\" rel=\"category\">El Mundo<\/a>","tag_info":"El Mundo","comment_count":"0","jetpack_featured_media_url":"https:\/\/pornuestrolaredo.com\/wp-content\/uploads\/2022\/11\/Stereo91-20221106-1.jpeg","jetpack_sharing_enabled":true,"_links":{"self":[{"href":"https:\/\/pornuestrolaredo.com\/index.php?rest_route=\/wp\/v2\/posts\/848","targetHints":{"allow":["GET"]}}],"collection":[{"href":"https:\/\/pornuestrolaredo.com\/index.php?rest_route=\/wp\/v2\/posts"}],"about":[{"href":"https:\/\/pornuestrolaredo.com\/index.php?rest_route=\/wp\/v2\/types\/post"}],"author":[{"embeddable":true,"href":"https:\/\/pornuestrolaredo.com\/index.php?rest_route=\/wp\/v2\/users\/1"}],"replies":[{"embeddable":true,"href":"https:\/\/pornuestrolaredo.com\/index.php?rest_route=%2Fwp%2Fv2%2Fcomments&post=848"}],"version-history":[{"count":1,"href":"https:\/\/pornuestrolaredo.com\/index.php?rest_route=\/wp\/v2\/posts\/848\/revisions"}],"predecessor-version":[{"id":850,"href":"https:\/\/pornuestrolaredo.com\/index.php?rest_route=\/wp\/v2\/posts\/848\/revisions\/850"}],"wp:featuredmedia":[{"embeddable":true,"href":"https:\/\/pornuestrolaredo.com\/index.php?rest_route=\/wp\/v2\/media\/849"}],"wp:attachment":[{"href":"https:\/\/pornuestrolaredo.com\/index.php?rest_route=%2Fwp%2Fv2%2Fmedia&parent=848"}],"wp:term":[{"taxonomy":"category","embeddable":true,"href":"https:\/\/pornuestrolaredo.com\/index.php?rest_route=%2Fwp%2Fv2%2Fcategories&post=848"},{"taxonomy":"post_tag","embeddable":true,"href":"https:\/\/pornuestrolaredo.com\/index.php?rest_route=%2Fwp%2Fv2%2Ftags&post=848"}],"curies":[{"name":"wp","href":"https:\/\/api.w.org\/{rel}","templated":true}]}}