{"id":857,"date":"2022-11-07T02:11:39","date_gmt":"2022-11-07T02:11:39","guid":{"rendered":"https:\/\/pornuestrolaredo.com\/?p=857"},"modified":"2022-11-07T02:11:45","modified_gmt":"2022-11-07T02:11:45","slug":"llegan-monarcas-con-retraso-a-santuarios","status":"publish","type":"post","link":"https:\/\/pornuestrolaredo.com\/?p=857","title":{"rendered":"Llegan monarcas con retraso a santuarios"},"content":{"rendered":"\n<p class=\"wp-block-paragraph\"><strong><em>CIUDAD DE M\u00c9XCO.- <\/em><\/strong>Las mariposas Monarca han comenzado a aparecer en los bosques de las monta\u00f1as del centro de M\u00e9xico, adonde llegan a pasar el invierno, inform\u00f3 el fin de semana la Secretar\u00eda de Medio Ambiente y Recursos Naturales (Semarnat).<\/p>\n\n\n\n<p class=\"wp-block-paragraph\">Las primeros mariposas fueron avistadas explorando los santuarios en lo alto de las monta\u00f1as en Estado de M\u00e9xico y de Michoac\u00e1n, al parecer para decidir d\u00f3nde van a quedarse este a\u00f1o.<\/p>\n\n\n\n<p class=\"wp-block-paragraph\">Las Monarca han llegado con cierta demora. Normalmente su arribo coincide con los festejos por el D\u00eda de Muertos del 1 y 2 de noviembre. Las comunidades en las laderas han asociado desde hace a\u00f1os a estas mariposas de colores naranja y negro con el regreso de las almas de los fallecidos.<\/p>\n\n\n\n<p class=\"wp-block-paragraph\">En un comunicado, la Semarnat anunci\u00f3 \u201clos primeros registros de las mariposas Monarca sobrevolando los bosques de oyamel en los santuarios de Sierra Chincua, El Rosario y Cerro Pel\u00f3n, en la Reserva de la Biosfera Mariposa Monarca, en Michoac\u00e1n, y en los bosques del municipio de Atlautla, en el Estado de M\u00e9xico\u201d.<\/p>\n\n\n\n<p class=\"wp-block-paragraph\">Se prev\u00e9 que el principal contingente de mariposas llegue en las pr\u00f3ximas semanas, dependiendo de las condiciones clim\u00e1ticas, se\u00f1al\u00f3 la Secretar\u00eda.<\/p>\n\n\n\n<blockquote class=\"wp-block-quote is-layout-flow wp-block-quote-is-layout-flow\">\n<p class=\"wp-block-paragraph\">La migraci\u00f3n de la mariposa Monarca no se compara con la de ning\u00fan otro insecto, en t\u00e9rminos de longitud, regularidad, singularidad y visibilidad, por lo cual su conservaci\u00f3n es considerada una responsabilidad internacional colectiva\u201d, a\u00f1adi\u00f3 la Semarnat en su comunicado.<\/p>\n<\/blockquote>\n\n\n\n<p class=\"wp-block-paragraph\">Es demasiado pronto para decir qu\u00e9 tan grande ser\u00e1 este a\u00f1o la migraci\u00f3n anual de las mariposas desde Estados Unidos y Canad\u00e1. El conteo de las mariposas se efect\u00faa por lo general en enero una vez que se han establecido en grupos en las ramas de los \u00e1rboles de oyamel y pino.<\/p>\n\n\n\n<p class=\"wp-block-paragraph\">Ese conteo anual de las mariposas no se utiliza para conocer su n\u00famero individual, sino las hect\u00e1reas (acres) que cubren en su agrupamiento.<\/p>\n\n\n\n<p class=\"wp-block-paragraph\">El a\u00f1o pasado, llegaron 35% m\u00e1s de mariposas monarca en comparaci\u00f3n con la temporada anterior. El aumento podr\u00eda reflejar la capacidad de las mariposas para adaptarse al calor extremo o la sequ\u00eda cambiando la fecha de su partida de M\u00e9xico.<\/p>\n\n\n\n<p class=\"wp-block-paragraph\">Cada a\u00f1o, por lo general en marzo, las Monarca emigran de nuevo a Estados Unidos y Canad\u00e1.<\/p>\n\n\n\n<p class=\"wp-block-paragraph\">La sequ\u00eda, el clima severo y la p\u00e9rdida de h\u00e1bitat al norte de la frontera \u2014en especial del algodoncillo donde las monarca ponen sus huevos\u2014 as\u00ed como el uso de pesticidas y herbicidas, y el cambio clim\u00e1tico suponen una amenaza para la emigraci\u00f3n de la especie. La tala ilegal y la p\u00e9rdida de \u00e1rboles por enfermedad, sequ\u00eda y tormentas afectan los santuarios del insecto en M\u00e9xico.<\/p>\n\n\n\n<p class=\"wp-block-paragraph\">Este a\u00f1o, la Uni\u00f3n Internacional para la Conservaci\u00f3n de al Naturaleza incluy\u00f3 a la mariposa Monarca en su \u201clista roja\u201d de especies amenazadas y la catalog\u00f3 como \u201cen peligro\u201d \u2014dos niveles antes de la extinci\u00f3n.<\/p>\n\n\n\n<p class=\"wp-block-paragraph\">El grupo calcula que la poblaci\u00f3n de mariposas Monarca en Am\u00e9rica del Norte ha declinado entre 22 y 72% en un periodo de 10 a\u00f1os, dependiendo del m\u00e9todo de medici\u00f3n. <\/p>\n\n\n\n<p class=\"wp-block-paragraph\">Despu\u00e9s de invernar en M\u00e9xico, las mariposas vuelan hacia el norte, reproduciendo m\u00faltiples generaciones a lo largo de un trayecto de miles de kil\u00f3metros (millas). Las descendientes que alcancen el sur de Canad\u00e1 emprenden el viaje de regreso a M\u00e9xico a finales del verano.<\/p>\n","protected":false},"excerpt":{"rendered":"<p>CIUDAD DE M\u00c9XCO.- Las mariposas Monarca han comenzado a aparecer en los bosques de las monta\u00f1as del centro<\/p>\n","protected":false},"author":1,"featured_media":858,"comment_status":"open","ping_status":"open","sticky":false,"template":"","format":"standard","meta":{"_crdt_document":"","_jetpack_memberships_contains_paid_content":false,"footnotes":"","jetpack_publicize_message":"Reaparecen en lo alto de las monta\u00f1as en Estado de M\u00e9xico y de Michoac\u00e1n","jetpack_publicize_feature_enabled":true,"jetpack_social_post_already_shared":true,"jetpack_social_options":{"image_generator_settings":{"template":"highway","default_image_id":0,"font":"","enabled":false},"version":2},"_wpas_customize_per_network":false},"categories":[9],"tags":[],"class_list":["post-857","post","type-post","status-publish","format-standard","has-post-thumbnail","hentry","category-el-mundo"],"magazineBlocksPostFeaturedMedia":{"thumbnail":"https:\/\/pornuestrolaredo.com\/wp-content\/uploads\/2022\/11\/Stereo91-20221106-2-150x150.jpeg","medium":"https:\/\/pornuestrolaredo.com\/wp-content\/uploads\/2022\/11\/Stereo91-20221106-2-300x200.jpeg","medium_large":"https:\/\/pornuestrolaredo.com\/wp-content\/uploads\/2022\/11\/Stereo91-20221106-2-768x512.jpeg","large":"https:\/\/pornuestrolaredo.com\/wp-content\/uploads\/2022\/11\/Stereo91-20221106-2.jpeg","1536x1536":"https:\/\/pornuestrolaredo.com\/wp-content\/uploads\/2022\/11\/Stereo91-20221106-2.jpeg","2048x2048":"https:\/\/pornuestrolaredo.com\/wp-content\/uploads\/2022\/11\/Stereo91-20221106-2.jpeg","morenews-large":"https:\/\/pornuestrolaredo.com\/wp-content\/uploads\/2022\/11\/Stereo91-20221106-2.jpeg","morenews-medium":"https:\/\/pornuestrolaredo.com\/wp-content\/uploads\/2022\/11\/Stereo91-20221106-2.jpeg"},"magazineBlocksPostAuthor":{"name":"Redactor","avatar":"https:\/\/pornuestrolaredo.com\/wp-content\/litespeed\/avatar\/dca1d7ec750c399f025f23b0b314f4cf.jpg?ver=1777612120"},"magazineBlocksPostCommentsNumber":false,"magazineBlocksPostExcerpt":"CIUDAD DE M\u00c9XCO.- Las mariposas Monarca han comenzado a aparecer en los bosques de las monta\u00f1as del centro","magazineBlocksPostCategories":["El Mundo"],"magazineBlocksPostViewCount":149,"magazineBlocksPostReadTime":3,"magazine_blocks_featured_image_url":{"full":["https:\/\/pornuestrolaredo.com\/wp-content\/uploads\/2022\/11\/Stereo91-20221106-2.jpeg",1000,667,false],"medium":["https:\/\/pornuestrolaredo.com\/wp-content\/uploads\/2022\/11\/Stereo91-20221106-2-300x200.jpeg",300,200,true],"thumbnail":["https:\/\/pornuestrolaredo.com\/wp-content\/uploads\/2022\/11\/Stereo91-20221106-2-150x150.jpeg",150,150,true]},"magazine_blocks_author":{"display_name":"Redactor","author_link":"https:\/\/pornuestrolaredo.com\/?author=1"},"magazine_blocks_comment":0,"magazine_blocks_author_image":"https:\/\/pornuestrolaredo.com\/wp-content\/litespeed\/avatar\/dca1d7ec750c399f025f23b0b314f4cf.jpg?ver=1777612120","magazine_blocks_category":"<a href=\"#\" class=\"category-link category-link-9\">El Mundo<\/a>","jetpack_publicize_connections":[],"featured_image_urls":{"full":["https:\/\/pornuestrolaredo.com\/wp-content\/uploads\/2022\/11\/Stereo91-20221106-2.jpeg",1000,667,false],"thumbnail":["https:\/\/pornuestrolaredo.com\/wp-content\/uploads\/2022\/11\/Stereo91-20221106-2-150x150.jpeg",150,150,true],"medium":["https:\/\/pornuestrolaredo.com\/wp-content\/uploads\/2022\/11\/Stereo91-20221106-2-300x200.jpeg",300,200,true],"medium_large":["https:\/\/pornuestrolaredo.com\/wp-content\/uploads\/2022\/11\/Stereo91-20221106-2-768x512.jpeg",640,427,true],"large":["https:\/\/pornuestrolaredo.com\/wp-content\/uploads\/2022\/11\/Stereo91-20221106-2.jpeg",640,427,false],"1536x1536":["https:\/\/pornuestrolaredo.com\/wp-content\/uploads\/2022\/11\/Stereo91-20221106-2.jpeg",1000,667,false],"2048x2048":["https:\/\/pornuestrolaredo.com\/wp-content\/uploads\/2022\/11\/Stereo91-20221106-2.jpeg",1000,667,false],"morenews-large":["https:\/\/pornuestrolaredo.com\/wp-content\/uploads\/2022\/11\/Stereo91-20221106-2.jpeg",825,550,false],"morenews-medium":["https:\/\/pornuestrolaredo.com\/wp-content\/uploads\/2022\/11\/Stereo91-20221106-2.jpeg",590,394,false]},"author_info":{"info":["Redactor"]},"category_info":"<a href=\"https:\/\/pornuestrolaredo.com\/?cat=9\" rel=\"category\">El Mundo<\/a>","tag_info":"El Mundo","comment_count":"0","jetpack_featured_media_url":"https:\/\/pornuestrolaredo.com\/wp-content\/uploads\/2022\/11\/Stereo91-20221106-2.jpeg","jetpack_sharing_enabled":true,"_links":{"self":[{"href":"https:\/\/pornuestrolaredo.com\/index.php?rest_route=\/wp\/v2\/posts\/857","targetHints":{"allow":["GET"]}}],"collection":[{"href":"https:\/\/pornuestrolaredo.com\/index.php?rest_route=\/wp\/v2\/posts"}],"about":[{"href":"https:\/\/pornuestrolaredo.com\/index.php?rest_route=\/wp\/v2\/types\/post"}],"author":[{"embeddable":true,"href":"https:\/\/pornuestrolaredo.com\/index.php?rest_route=\/wp\/v2\/users\/1"}],"replies":[{"embeddable":true,"href":"https:\/\/pornuestrolaredo.com\/index.php?rest_route=%2Fwp%2Fv2%2Fcomments&post=857"}],"version-history":[{"count":1,"href":"https:\/\/pornuestrolaredo.com\/index.php?rest_route=\/wp\/v2\/posts\/857\/revisions"}],"predecessor-version":[{"id":859,"href":"https:\/\/pornuestrolaredo.com\/index.php?rest_route=\/wp\/v2\/posts\/857\/revisions\/859"}],"wp:featuredmedia":[{"embeddable":true,"href":"https:\/\/pornuestrolaredo.com\/index.php?rest_route=\/wp\/v2\/media\/858"}],"wp:attachment":[{"href":"https:\/\/pornuestrolaredo.com\/index.php?rest_route=%2Fwp%2Fv2%2Fmedia&parent=857"}],"wp:term":[{"taxonomy":"category","embeddable":true,"href":"https:\/\/pornuestrolaredo.com\/index.php?rest_route=%2Fwp%2Fv2%2Fcategories&post=857"},{"taxonomy":"post_tag","embeddable":true,"href":"https:\/\/pornuestrolaredo.com\/index.php?rest_route=%2Fwp%2Fv2%2Ftags&post=857"}],"curies":[{"name":"wp","href":"https:\/\/api.w.org\/{rel}","templated":true}]}}