{"id":869,"date":"2022-11-07T14:30:00","date_gmt":"2022-11-07T14:30:00","guid":{"rendered":"https:\/\/pornuestrolaredo.com\/?p=869"},"modified":"2022-11-07T18:22:58","modified_gmt":"2022-11-07T18:22:58","slug":"tormenta-nicole-amenaza-a-bahamas-y-florida","status":"publish","type":"post","link":"https:\/\/pornuestrolaredo.com\/?p=869","title":{"rendered":"Tormenta Nicole amenaza a Bahamas y Florida"},"content":{"rendered":"\n<p class=\"wp-block-paragraph\"><strong><em>FORT LAUDERDALE, Florida.- <\/em><\/strong>Se espera que la tormenta subtropical Nicole que se form\u00f3 en el oc\u00e9ano Atl\u00e1ntico se convierta en hurac\u00e1n sobre las Bahamas antes de golpear la costa este de Florida el mi\u00e9rcoles, un d\u00eda despu\u00e9s de las elecciones, dijeron los meteor\u00f3logos.<\/p>\n\n\n\n<p class=\"wp-block-paragraph\">Se emitieron alertas de hurac\u00e1n para el noroeste de Bahamas y la costa atl\u00e1ntica de Florida, desde Hallandale Beach, al norte de Miami, hasta el norte de Daytona Beach, as\u00ed como tierra adentro hasta el lago Okeechobee, inform\u00f3 el Centro Nacional de Huracanes con sede en Miami.<\/p>\n\n\n\n<p class=\"wp-block-paragraph\">El lunes en la ma\u00f1ana, la tormenta estaba a unos 890 kil\u00f3metros (555 millas) al este del noroeste de las Bahamas, con vientos m\u00e1ximos sostenidos de 75 kil\u00f3metros por hora (45 millas por hora), dijo el centro de huracanes.<\/p>\n\n\n\n<blockquote class=\"wp-block-quote is-layout-flow wp-block-quote-is-layout-flow\">\n<p class=\"wp-block-paragraph\">No se descarta que Nicole cobre fuerza de hurac\u00e1n, especialmente si tomamos en cuenta lo caliente que est\u00e1n las aguas cerca de las Bahamas\u201d, expres\u00f3 el centro.<\/p>\n<\/blockquote>\n\n\n\n<p class=\"wp-block-paragraph\">\u201cDebemos enfatizar, sin embargo, que independientemente de la intensidad que tenga Nicole, su enorme tama\u00f1o probablemente causar\u00e1 fuertes vientos, marejadas y lluvias en gran parte del noroeste de Bahamas, Florida, y la costa suroriental de Estados Unidos la pr\u00f3xima semana\u201d, a\u00f1adi\u00f3.<\/p>\n\n\n\n<p class=\"wp-block-paragraph\">Los expertos recomendaron a los habitantes del centro de Bahamas, Florida y el sureste de Estados Unidos que monitoreen el progreso de la tormenta. Es probable que al final del lunes se emitan m\u00e1s alertas, indic\u00f3 la agencia.<\/p>\n\n\n\n<blockquote class=\"wp-block-quote is-layout-flow wp-block-quote-is-layout-flow\">\n<p class=\"wp-block-paragraph\">Realmente no comenzaremos a ver ning\u00fan impacto significativo de Nicole hasta el martes por la noche o el mi\u00e9rcoles, por lo que no deber\u00eda tener un gran impacto en las operaciones de votaci\u00f3n ma\u00f1ana\u201d, dijo el especialista en huracanes Phillippe Papin a The Associated Press.<\/p>\n<\/blockquote>\n\n\n\n<blockquote class=\"wp-block-quote is-layout-flow wp-block-quote-is-layout-flow\">\n<p class=\"wp-block-paragraph\">Desafortunadamente, esta ser\u00e1 una tormenta muy grande, con un campo de viento muy grande en el lado norte. Esto va a causar un oleaje bastante considerable, marejadas cicl\u00f3nicas potencialmente peligrosas en alg\u00fan lugar a lo largo de la costa este de Florida, fuertes lluvias y vientos probablemente significativos en una gran \u00e1rea de la costa este de la pen\u00ednsula de Florida\u201d, agreg\u00f3 Papin.<\/p>\n<\/blockquote>\n\n\n\n<p class=\"wp-block-paragraph\">Se prev\u00e9 que la tormenta causar\u00e1 fuertes lluvias en el noroeste de Bahamas de martes a jueves, y que entre mediados y fin de semana impacte a Florida y otras zonas costeras de Estados Unidos.<\/p>\n\n\n\n<p class=\"wp-block-paragraph\">Gran parte de Florida todav\u00eda se est\u00e1 recuperando del destructivo hurac\u00e1n Ian, que azot\u00f3 la parte suroeste del estado el 28 de septiembre como un fuerte hurac\u00e1n de categor\u00eda 4. La temporada de <\/p>\n","protected":false},"excerpt":{"rendered":"<p>FORT LAUDERDALE, Florida.- Se espera que la tormenta subtropical Nicole que se form\u00f3 en el oc\u00e9ano Atl\u00e1ntico se<\/p>\n","protected":false},"author":1,"featured_media":870,"comment_status":"open","ping_status":"open","sticky":false,"template":"","format":"standard","meta":{"_crdt_document":"","_jetpack_memberships_contains_paid_content":false,"footnotes":"","jetpack_publicize_message":"Se espera que este enorme sistema cause enormes marejadas y poderosas lluvias","jetpack_publicize_feature_enabled":true,"jetpack_social_post_already_shared":true,"jetpack_social_options":{"image_generator_settings":{"template":"highway","default_image_id":0,"font":"","enabled":false},"version":2},"_wpas_customize_per_network":false},"categories":[9],"tags":[],"class_list":["post-869","post","type-post","status-publish","format-standard","has-post-thumbnail","hentry","category-el-mundo"],"magazineBlocksPostFeaturedMedia":{"thumbnail":"https:\/\/pornuestrolaredo.com\/wp-content\/uploads\/2022\/11\/Captura-de-Pantalla-2022-11-07-a-las-11.43.01-150x150.png","medium":"https:\/\/pornuestrolaredo.com\/wp-content\/uploads\/2022\/11\/Captura-de-Pantalla-2022-11-07-a-las-11.43.01-300x128.png","medium_large":"https:\/\/pornuestrolaredo.com\/wp-content\/uploads\/2022\/11\/Captura-de-Pantalla-2022-11-07-a-las-11.43.01-768x327.png","large":"https:\/\/pornuestrolaredo.com\/wp-content\/uploads\/2022\/11\/Captura-de-Pantalla-2022-11-07-a-las-11.43.01-1024x436.png","1536x1536":"https:\/\/pornuestrolaredo.com\/wp-content\/uploads\/2022\/11\/Captura-de-Pantalla-2022-11-07-a-las-11.43.01.png","2048x2048":"https:\/\/pornuestrolaredo.com\/wp-content\/uploads\/2022\/11\/Captura-de-Pantalla-2022-11-07-a-las-11.43.01.png","morenews-large":"https:\/\/pornuestrolaredo.com\/wp-content\/uploads\/2022\/11\/Captura-de-Pantalla-2022-11-07-a-las-11.43.01.png","morenews-medium":"https:\/\/pornuestrolaredo.com\/wp-content\/uploads\/2022\/11\/Captura-de-Pantalla-2022-11-07-a-las-11.43.01.png"},"magazineBlocksPostAuthor":{"name":"Redactor","avatar":"https:\/\/pornuestrolaredo.com\/wp-content\/litespeed\/avatar\/dca1d7ec750c399f025f23b0b314f4cf.jpg?ver=1777612120"},"magazineBlocksPostCommentsNumber":false,"magazineBlocksPostExcerpt":"FORT LAUDERDALE, Florida.- Se espera que la tormenta subtropical Nicole que se form\u00f3 en el oc\u00e9ano Atl\u00e1ntico se","magazineBlocksPostCategories":["El Mundo"],"magazineBlocksPostViewCount":146,"magazineBlocksPostReadTime":3,"magazine_blocks_featured_image_url":{"full":["https:\/\/pornuestrolaredo.com\/wp-content\/uploads\/2022\/11\/Captura-de-Pantalla-2022-11-07-a-las-11.43.01.png",1291,550,false],"medium":["https:\/\/pornuestrolaredo.com\/wp-content\/uploads\/2022\/11\/Captura-de-Pantalla-2022-11-07-a-las-11.43.01-300x128.png",300,128,true],"thumbnail":["https:\/\/pornuestrolaredo.com\/wp-content\/uploads\/2022\/11\/Captura-de-Pantalla-2022-11-07-a-las-11.43.01-150x150.png",150,150,true]},"magazine_blocks_author":{"display_name":"Redactor","author_link":"https:\/\/pornuestrolaredo.com\/?author=1"},"magazine_blocks_comment":0,"magazine_blocks_author_image":"https:\/\/pornuestrolaredo.com\/wp-content\/litespeed\/avatar\/dca1d7ec750c399f025f23b0b314f4cf.jpg?ver=1777612120","magazine_blocks_category":"<a href=\"#\" class=\"category-link category-link-9\">El Mundo<\/a>","jetpack_publicize_connections":[],"featured_image_urls":{"full":["https:\/\/pornuestrolaredo.com\/wp-content\/uploads\/2022\/11\/Captura-de-Pantalla-2022-11-07-a-las-11.43.01.png",1291,550,false],"thumbnail":["https:\/\/pornuestrolaredo.com\/wp-content\/uploads\/2022\/11\/Captura-de-Pantalla-2022-11-07-a-las-11.43.01-150x150.png",150,150,true],"medium":["https:\/\/pornuestrolaredo.com\/wp-content\/uploads\/2022\/11\/Captura-de-Pantalla-2022-11-07-a-las-11.43.01-300x128.png",300,128,true],"medium_large":["https:\/\/pornuestrolaredo.com\/wp-content\/uploads\/2022\/11\/Captura-de-Pantalla-2022-11-07-a-las-11.43.01-768x327.png",640,273,true],"large":["https:\/\/pornuestrolaredo.com\/wp-content\/uploads\/2022\/11\/Captura-de-Pantalla-2022-11-07-a-las-11.43.01-1024x436.png",640,273,true],"1536x1536":["https:\/\/pornuestrolaredo.com\/wp-content\/uploads\/2022\/11\/Captura-de-Pantalla-2022-11-07-a-las-11.43.01.png",1291,550,false],"2048x2048":["https:\/\/pornuestrolaredo.com\/wp-content\/uploads\/2022\/11\/Captura-de-Pantalla-2022-11-07-a-las-11.43.01.png",1291,550,false],"morenews-large":["https:\/\/pornuestrolaredo.com\/wp-content\/uploads\/2022\/11\/Captura-de-Pantalla-2022-11-07-a-las-11.43.01.png",825,351,false],"morenews-medium":["https:\/\/pornuestrolaredo.com\/wp-content\/uploads\/2022\/11\/Captura-de-Pantalla-2022-11-07-a-las-11.43.01.png",590,251,false]},"author_info":{"info":["Redactor"]},"category_info":"<a href=\"https:\/\/pornuestrolaredo.com\/?cat=9\" rel=\"category\">El Mundo<\/a>","tag_info":"El Mundo","comment_count":"0","jetpack_featured_media_url":"https:\/\/pornuestrolaredo.com\/wp-content\/uploads\/2022\/11\/Captura-de-Pantalla-2022-11-07-a-las-11.43.01.png","jetpack_sharing_enabled":true,"_links":{"self":[{"href":"https:\/\/pornuestrolaredo.com\/index.php?rest_route=\/wp\/v2\/posts\/869","targetHints":{"allow":["GET"]}}],"collection":[{"href":"https:\/\/pornuestrolaredo.com\/index.php?rest_route=\/wp\/v2\/posts"}],"about":[{"href":"https:\/\/pornuestrolaredo.com\/index.php?rest_route=\/wp\/v2\/types\/post"}],"author":[{"embeddable":true,"href":"https:\/\/pornuestrolaredo.com\/index.php?rest_route=\/wp\/v2\/users\/1"}],"replies":[{"embeddable":true,"href":"https:\/\/pornuestrolaredo.com\/index.php?rest_route=%2Fwp%2Fv2%2Fcomments&post=869"}],"version-history":[{"count":1,"href":"https:\/\/pornuestrolaredo.com\/index.php?rest_route=\/wp\/v2\/posts\/869\/revisions"}],"predecessor-version":[{"id":871,"href":"https:\/\/pornuestrolaredo.com\/index.php?rest_route=\/wp\/v2\/posts\/869\/revisions\/871"}],"wp:featuredmedia":[{"embeddable":true,"href":"https:\/\/pornuestrolaredo.com\/index.php?rest_route=\/wp\/v2\/media\/870"}],"wp:attachment":[{"href":"https:\/\/pornuestrolaredo.com\/index.php?rest_route=%2Fwp%2Fv2%2Fmedia&parent=869"}],"wp:term":[{"taxonomy":"category","embeddable":true,"href":"https:\/\/pornuestrolaredo.com\/index.php?rest_route=%2Fwp%2Fv2%2Fcategories&post=869"},{"taxonomy":"post_tag","embeddable":true,"href":"https:\/\/pornuestrolaredo.com\/index.php?rest_route=%2Fwp%2Fv2%2Ftags&post=869"}],"curies":[{"name":"wp","href":"https:\/\/api.w.org\/{rel}","templated":true}]}}