{"id":872,"date":"2022-11-08T02:36:11","date_gmt":"2022-11-08T02:36:11","guid":{"rendered":"https:\/\/pornuestrolaredo.com\/?p=872"},"modified":"2022-11-08T02:36:13","modified_gmt":"2022-11-08T02:36:13","slug":"quiere-un-iphone-pro-se-va-a-tardar","status":"publish","type":"post","link":"https:\/\/pornuestrolaredo.com\/?p=872","title":{"rendered":"\u00bfQuiere un iPhone Pro?&#8230; \u00a1Se va a tardar!"},"content":{"rendered":"\n<p class=\"wp-block-paragraph\"><strong><em>BEIJING.- <\/em><\/strong>Apple Inc advirti\u00f3 a sus clientes de esperas m\u00e1s largas para recibir sus modelos del nuevo iPhone, despu\u00e9s de que se impusieran restricciones contra el Covid-19 en la f\u00e1brica de un contratista en el centro de China.<\/p>\n\n\n\n<p class=\"wp-block-paragraph\">El anuncio de la compa\u00f1\u00eda el domingo no daba m\u00e1s detalles, salvo que la f\u00e1brica operada por Foxconn en la ciudad central de Zhengzhou \u201copera a una capacidad considerablemente reducida\u201d.<\/p>\n\n\n\n<blockquote class=\"wp-block-quote is-layout-flow wp-block-quote-is-layout-flow\">\n<p class=\"wp-block-paragraph\">Ahora esperemos entregas m\u00e1s reducidas de iPhone 14 Pro y iPhone 14 Pro Max de lo que hab\u00edamos anticipado\u201d, indic\u00f3 la firma. \u201cLos clientes tendr\u00e1n plazos de espera m\u00e1s largos para recibir sus nuevos productos\u201d.<\/p>\n<\/blockquote>\n\n\n\n<p class=\"wp-block-paragraph\">Foxconn Technology Group dijo antes que hab\u00eda impuesto medidas contra el virus en la f\u00e1brica en Zhengzhou tras detectar brotes de Covid-19. Apple y Foxconn no hab\u00edan respondido hasta ahora a preguntas sobre c\u00f3mo podr\u00eda verse afectada la producci\u00f3n del iPhone.<\/p>\n\n\n\n<p class=\"wp-block-paragraph\">La semana pasada se cort\u00f3 el acceso durante una semana a la zona industrial donde est\u00e1 la f\u00e1brica tras un repunte de los contagios en Zhengzhou y la marcha de trabajadores de la planta.<\/p>\n\n\n\n<p class=\"wp-block-paragraph\">Se esperaba que la cuarentena causara m\u00e1s interferencias en el ritmo de trabajo de la planta, que en las \u00faltimas semanas hab\u00eda registrado una serie de contagios de coronavirus y un \u00e9xodo de trabajadores, algunos de los cuales se marcharon a pie.<\/p>\n\n\n\n<p class=\"wp-block-paragraph\">Foxconn dijo en un comunicado que estaba revisando a la baja sus previsiones para este trimestre debido al confinamiento.<\/p>\n\n\n\n<blockquote class=\"wp-block-quote is-layout-flow wp-block-quote-is-layout-flow\">\n<p class=\"wp-block-paragraph\">Foxconn trabaja ahora con el gobierno en un esfuerzo coordinado para erradicar la pandemia y reanudar la producci\u00f3n a plena capacidad tan pronto como sea posible\u201d, dijo la empresa el lunes.<\/p>\n<\/blockquote>\n\n\n\n<p class=\"wp-block-paragraph\">El gobierno provincial, se\u00f1al\u00f3, ha dicho que prestar\u00e1 su \u201ctotal apoyo\u201d a la empresa en la prevenci\u00f3n de contagios y la gesti\u00f3n de las operaciones en la f\u00e1brica.<\/p>\n\n\n\n<p class=\"wp-block-paragraph\">Un sistema de \u201ccircuito cerrado\u201d restringir\u00e1 los desplazamientos de los empleados entre sus alojamientos y la zona de f\u00e1brica para reducir los riesgos de contagio, indic\u00f3 la compa\u00f1\u00eda en una publicaci\u00f3n en la cuenta de la f\u00e1brica en WeChat.<\/p>\n\n\n\n<p class=\"wp-block-paragraph\">El \u00faltimo trimestre del a\u00f1o suele ser una \u00e9poca atareada para empresas como Foxconn, que aumentan su producci\u00f3n de cara a las ventas en las fiestas de final de a\u00f1o. \u201cTrabajamos de cerca con nuestro proveedor para regresar a los niveles normales de producci\u00f3n al tiempo que aseguramos la salud y seguridad de todos los trabajadores\u201d, dijo Apple.<\/p>\n","protected":false},"excerpt":{"rendered":"<p>BEIJING.- Apple Inc advirti\u00f3 a sus clientes de esperas m\u00e1s largas para recibir sus modelos del nuevo iPhone,<\/p>\n","protected":false},"author":1,"featured_media":873,"comment_status":"open","ping_status":"open","sticky":false,"template":"","format":"standard","meta":{"_crdt_document":"","_jetpack_memberships_contains_paid_content":false,"footnotes":"","jetpack_publicize_message":"Imponen restricciones por Covid-19 en una f\u00e1brica en el centro de China","jetpack_publicize_feature_enabled":true,"jetpack_social_post_already_shared":true,"jetpack_social_options":{"image_generator_settings":{"template":"highway","default_image_id":0,"font":"","enabled":false},"version":2},"_wpas_customize_per_network":false},"categories":[9],"tags":[],"class_list":["post-872","post","type-post","status-publish","format-standard","has-post-thumbnail","hentry","category-el-mundo"],"magazineBlocksPostFeaturedMedia":{"thumbnail":"https:\/\/pornuestrolaredo.com\/wp-content\/uploads\/2022\/11\/Apple-iPhone-150x150.jpeg","medium":"https:\/\/pornuestrolaredo.com\/wp-content\/uploads\/2022\/11\/Apple-iPhone-300x200.jpeg","medium_large":"https:\/\/pornuestrolaredo.com\/wp-content\/uploads\/2022\/11\/Apple-iPhone-768x512.jpeg","large":"https:\/\/pornuestrolaredo.com\/wp-content\/uploads\/2022\/11\/Apple-iPhone.jpeg","1536x1536":"https:\/\/pornuestrolaredo.com\/wp-content\/uploads\/2022\/11\/Apple-iPhone.jpeg","2048x2048":"https:\/\/pornuestrolaredo.com\/wp-content\/uploads\/2022\/11\/Apple-iPhone.jpeg","morenews-large":"https:\/\/pornuestrolaredo.com\/wp-content\/uploads\/2022\/11\/Apple-iPhone.jpeg","morenews-medium":"https:\/\/pornuestrolaredo.com\/wp-content\/uploads\/2022\/11\/Apple-iPhone.jpeg"},"magazineBlocksPostAuthor":{"name":"Redactor","avatar":"https:\/\/pornuestrolaredo.com\/wp-content\/litespeed\/avatar\/dca1d7ec750c399f025f23b0b314f4cf.jpg?ver=1777612120"},"magazineBlocksPostCommentsNumber":false,"magazineBlocksPostExcerpt":"BEIJING.- Apple Inc advirti\u00f3 a sus clientes de esperas m\u00e1s largas para recibir sus modelos del nuevo iPhone,","magazineBlocksPostCategories":["El Mundo"],"magazineBlocksPostViewCount":151,"magazineBlocksPostReadTime":3,"magazine_blocks_featured_image_url":{"full":["https:\/\/pornuestrolaredo.com\/wp-content\/uploads\/2022\/11\/Apple-iPhone.jpeg",1000,667,false],"medium":["https:\/\/pornuestrolaredo.com\/wp-content\/uploads\/2022\/11\/Apple-iPhone-300x200.jpeg",300,200,true],"thumbnail":["https:\/\/pornuestrolaredo.com\/wp-content\/uploads\/2022\/11\/Apple-iPhone-150x150.jpeg",150,150,true]},"magazine_blocks_author":{"display_name":"Redactor","author_link":"https:\/\/pornuestrolaredo.com\/?author=1"},"magazine_blocks_comment":0,"magazine_blocks_author_image":"https:\/\/pornuestrolaredo.com\/wp-content\/litespeed\/avatar\/dca1d7ec750c399f025f23b0b314f4cf.jpg?ver=1777612120","magazine_blocks_category":"<a href=\"#\" class=\"category-link category-link-9\">El Mundo<\/a>","jetpack_publicize_connections":[],"featured_image_urls":{"full":["https:\/\/pornuestrolaredo.com\/wp-content\/uploads\/2022\/11\/Apple-iPhone.jpeg",1000,667,false],"thumbnail":["https:\/\/pornuestrolaredo.com\/wp-content\/uploads\/2022\/11\/Apple-iPhone-150x150.jpeg",150,150,true],"medium":["https:\/\/pornuestrolaredo.com\/wp-content\/uploads\/2022\/11\/Apple-iPhone-300x200.jpeg",300,200,true],"medium_large":["https:\/\/pornuestrolaredo.com\/wp-content\/uploads\/2022\/11\/Apple-iPhone-768x512.jpeg",640,427,true],"large":["https:\/\/pornuestrolaredo.com\/wp-content\/uploads\/2022\/11\/Apple-iPhone.jpeg",640,427,false],"1536x1536":["https:\/\/pornuestrolaredo.com\/wp-content\/uploads\/2022\/11\/Apple-iPhone.jpeg",1000,667,false],"2048x2048":["https:\/\/pornuestrolaredo.com\/wp-content\/uploads\/2022\/11\/Apple-iPhone.jpeg",1000,667,false],"morenews-large":["https:\/\/pornuestrolaredo.com\/wp-content\/uploads\/2022\/11\/Apple-iPhone.jpeg",825,550,false],"morenews-medium":["https:\/\/pornuestrolaredo.com\/wp-content\/uploads\/2022\/11\/Apple-iPhone.jpeg",590,394,false]},"author_info":{"info":["Redactor"]},"category_info":"<a href=\"https:\/\/pornuestrolaredo.com\/?cat=9\" rel=\"category\">El Mundo<\/a>","tag_info":"El Mundo","comment_count":"0","jetpack_featured_media_url":"https:\/\/pornuestrolaredo.com\/wp-content\/uploads\/2022\/11\/Apple-iPhone.jpeg","jetpack_sharing_enabled":true,"_links":{"self":[{"href":"https:\/\/pornuestrolaredo.com\/index.php?rest_route=\/wp\/v2\/posts\/872","targetHints":{"allow":["GET"]}}],"collection":[{"href":"https:\/\/pornuestrolaredo.com\/index.php?rest_route=\/wp\/v2\/posts"}],"about":[{"href":"https:\/\/pornuestrolaredo.com\/index.php?rest_route=\/wp\/v2\/types\/post"}],"author":[{"embeddable":true,"href":"https:\/\/pornuestrolaredo.com\/index.php?rest_route=\/wp\/v2\/users\/1"}],"replies":[{"embeddable":true,"href":"https:\/\/pornuestrolaredo.com\/index.php?rest_route=%2Fwp%2Fv2%2Fcomments&post=872"}],"version-history":[{"count":1,"href":"https:\/\/pornuestrolaredo.com\/index.php?rest_route=\/wp\/v2\/posts\/872\/revisions"}],"predecessor-version":[{"id":874,"href":"https:\/\/pornuestrolaredo.com\/index.php?rest_route=\/wp\/v2\/posts\/872\/revisions\/874"}],"wp:featuredmedia":[{"embeddable":true,"href":"https:\/\/pornuestrolaredo.com\/index.php?rest_route=\/wp\/v2\/media\/873"}],"wp:attachment":[{"href":"https:\/\/pornuestrolaredo.com\/index.php?rest_route=%2Fwp%2Fv2%2Fmedia&parent=872"}],"wp:term":[{"taxonomy":"category","embeddable":true,"href":"https:\/\/pornuestrolaredo.com\/index.php?rest_route=%2Fwp%2Fv2%2Fcategories&post=872"},{"taxonomy":"post_tag","embeddable":true,"href":"https:\/\/pornuestrolaredo.com\/index.php?rest_route=%2Fwp%2Fv2%2Ftags&post=872"}],"curies":[{"name":"wp","href":"https:\/\/api.w.org\/{rel}","templated":true}]}}