{"id":875,"date":"2022-11-08T03:08:10","date_gmt":"2022-11-08T03:08:10","guid":{"rendered":"https:\/\/pornuestrolaredo.com\/?p=875"},"modified":"2022-11-08T03:08:12","modified_gmt":"2022-11-08T03:08:12","slug":"presentan-avance-de-obras-en-nld","status":"publish","type":"post","link":"https:\/\/pornuestrolaredo.com\/?p=875","title":{"rendered":"Presentan avance de obras en NLD"},"content":{"rendered":"\n<p class=\"wp-block-paragraph\"><strong><em>NUEVO LAREDO.-<\/em><\/strong> Ante el presupuesto hist\u00f3rico de mil 340 millones 519 mil 276 pesos del Plan de Obra 2022 la transformaci\u00f3n de Nuevo Laredo se ve reflejada con las diferentes obras que se realizan en toda la ciudad.<\/p>\n\n\n\n<p class=\"wp-block-paragraph\">En sesi\u00f3n de Cabildo mediante una comparecencia el secretario de Obras P\u00fablicas, Carlos German de Anda Hern\u00e1ndez dio a conocer el avance que presentan las m\u00e1s de 200 obras de diferentes rubros de las cuales 154 est\u00e1n en proceso y 139 obras est\u00e1n terminadas.<\/p>\n\n\n\n<blockquote class=\"wp-block-quote is-layout-flow wp-block-quote-is-layout-flow\">\n<p class=\"wp-block-paragraph\">La gente est\u00e1 contenta con esta administraci\u00f3n por eso hay un nivel de aceptaci\u00f3n de confianza que tiene este gobierno, son acciones que se est\u00e1n llevando a cabo en toda la ciudad, son obras puntuales, sencillas y concretas\u201d, indic\u00f3 de Anda Hern\u00e1ndez, secretario de Obras P\u00fablicas.<\/p>\n<\/blockquote>\n\n\n\n<p class=\"wp-block-paragraph\">La alcaldesa Carmen Lilia Canturosas mencion\u00f3 que la administraci\u00f3n est\u00e1 trabajando como nunca antes se hab\u00eda visto con obras que se necesitaban para el bienestar de los ciudadanos.<\/p>\n\n\n\n<blockquote class=\"wp-block-quote is-layout-flow wp-block-quote-is-layout-flow\">\n<p class=\"wp-block-paragraph\">Este es el compromiso y el trabajo que hemos realizado, falta mucho por hacer pero seguimos enfocados en las prioridades de la ciudad, que hemos llegado a muchas colonias, y continuaremos trabajando\u201d, se\u00f1al\u00f3 Canturosas.<\/p>\n<\/blockquote>\n\n\n\n<p class=\"wp-block-paragraph\">La presidenta municipal coment\u00f3 que esta labor de llevar obras a todos los rincones de la ciudad se ver\u00e1 fortalecida con el apoyo del gobernador Am\u00e9rico Villarreal Anaya, con quien ya trabajan en proyectos para el desarrollo de la ciudad.<\/p>\n\n\n\n<p class=\"wp-block-paragraph\">Agreg\u00f3 tambi\u00e9n, que con este presupuesto y plan de obra p\u00fablica se le dio prioridad a la infraestructura urbana, adem\u00e1s se llevaron importantes obras de urbanizaci\u00f3n a sectores donde exist\u00eda un rezago en el tema, y ahora las familias viven mejor.<\/p>\n\n\n\n<p class=\"wp-block-paragraph\">Durante la comparecencia se dio a conocer que en el rubro de Infraestructura Educativa se construyeron bardas, techumbres, y transformadores en diferentes instituciones por petici\u00f3n de los directivos de cada una.<\/p>\n\n\n\n<p class=\"wp-block-paragraph\">Igualmente, hubo espacios p\u00fablicos que se recuperaron en diferentes colonias,&nbsp; los cuales eran utilizados como talleres mec\u00e1nicos, yonkes o estaban invadidos.<\/p>\n\n\n\n<p class=\"wp-block-paragraph\">Carlos de Anda mencion\u00f3 que&nbsp; parte del recurso destinado para el presupuesto de obra de este a\u00f1o, se utiliz\u00f3 para solventar obras emergentes como los socavones que se formaron en diferentes puntos de la ciudad debido al mal estado de los colectores.<\/p>\n\n\n\n<p class=\"wp-block-paragraph\">Adem\u00e1s inform\u00f3 que en ocasiones hay atraso de las obras porque existen inconvenientes al momento de las excavaciones ya que la infraestructura hidr\u00e1ulica estaba colapsada por la falta de mantenimiento a lo largo de los a\u00f1os.<\/p>\n\n\n\n<p class=\"wp-block-paragraph\">El titular de la Secretar\u00eda de Obras P\u00fablicas destac\u00f3 que el presupuesto que se ejerce en este primer a\u00f1o de la administraci\u00f3n, es el que se realiz\u00f3 en 5 a\u00f1os por el anterior gobierno municipal.<\/p>\n\n\n\n<p class=\"wp-block-paragraph\">En obras de conservaci\u00f3n y mantenimiento hay un 75 por ciento de avance; soluciones viales, 98 por ciento; repavimentaci\u00f3n, 78.4 por ciento; drenaje pluvial 85.1 por ciento; pavimentaci\u00f3n 65.3 por ciento de avance. En edificios p\u00fablicos, hay un 65.6 por ciento; deportes 73.0 por ciento; parques y plazas 26.8 por ciento; agua potable 61.8 por ciento; drenaje sanitario 55.8 por ciento; alumbrado p\u00fablico 75.8 por ciento; electrificaci\u00f3n 25.0 por ciento; banquetas 71.4 por ciento; guarniciones y banquetas, en recarpeteo 73.6 por ciento; obras de atenci\u00f3n inmediatas.<\/p>\n","protected":false},"excerpt":{"rendered":"<p>NUEVO LAREDO.- Ante el presupuesto hist\u00f3rico de mil 340 millones 519 mil 276 pesos del Plan de Obra<\/p>\n","protected":false},"author":1,"featured_media":876,"comment_status":"open","ping_status":"open","sticky":false,"template":"","format":"standard","meta":{"_crdt_document":"","_jetpack_memberships_contains_paid_content":false,"footnotes":"","jetpack_publicize_message":"Secretario de Obras P\u00fablicas comparece y explica los trabajos en m\u00e1s de 154 proyectos, de los cuales 139 ya est\u00e1n terminados","jetpack_publicize_feature_enabled":true,"jetpack_social_post_already_shared":true,"jetpack_social_options":{"image_generator_settings":{"template":"highway","default_image_id":0,"font":"","enabled":false},"version":2},"_wpas_customize_per_network":false},"categories":[4],"tags":[],"class_list":["post-875","post","type-post","status-publish","format-standard","has-post-thumbnail","hentry","category-los-dos-laredos"],"magazineBlocksPostFeaturedMedia":{"thumbnail":"https:\/\/pornuestrolaredo.com\/wp-content\/uploads\/2022\/11\/Obras-150x150.jpg","medium":"https:\/\/pornuestrolaredo.com\/wp-content\/uploads\/2022\/11\/Obras-300x200.jpg","medium_large":"https:\/\/pornuestrolaredo.com\/wp-content\/uploads\/2022\/11\/Obras-768x512.jpg","large":"https:\/\/pornuestrolaredo.com\/wp-content\/uploads\/2022\/11\/Obras-1024x682.jpg","1536x1536":"https:\/\/pornuestrolaredo.com\/wp-content\/uploads\/2022\/11\/Obras.jpg","2048x2048":"https:\/\/pornuestrolaredo.com\/wp-content\/uploads\/2022\/11\/Obras.jpg","morenews-large":"https:\/\/pornuestrolaredo.com\/wp-content\/uploads\/2022\/11\/Obras.jpg","morenews-medium":"https:\/\/pornuestrolaredo.com\/wp-content\/uploads\/2022\/11\/Obras.jpg"},"magazineBlocksPostAuthor":{"name":"Redactor","avatar":"https:\/\/pornuestrolaredo.com\/wp-content\/litespeed\/avatar\/dca1d7ec750c399f025f23b0b314f4cf.jpg?ver=1777612120"},"magazineBlocksPostCommentsNumber":false,"magazineBlocksPostExcerpt":"NUEVO LAREDO.- Ante el presupuesto hist\u00f3rico de mil 340 millones 519 mil 276 pesos del Plan de Obra","magazineBlocksPostCategories":["Los dos Laredos"],"magazineBlocksPostViewCount":120,"magazineBlocksPostReadTime":3,"magazine_blocks_featured_image_url":{"full":["https:\/\/pornuestrolaredo.com\/wp-content\/uploads\/2022\/11\/Obras.jpg",1280,853,false],"medium":["https:\/\/pornuestrolaredo.com\/wp-content\/uploads\/2022\/11\/Obras-300x200.jpg",300,200,true],"thumbnail":["https:\/\/pornuestrolaredo.com\/wp-content\/uploads\/2022\/11\/Obras-150x150.jpg",150,150,true]},"magazine_blocks_author":{"display_name":"Redactor","author_link":"https:\/\/pornuestrolaredo.com\/?author=1"},"magazine_blocks_comment":0,"magazine_blocks_author_image":"https:\/\/pornuestrolaredo.com\/wp-content\/litespeed\/avatar\/dca1d7ec750c399f025f23b0b314f4cf.jpg?ver=1777612120","magazine_blocks_category":"<a href=\"#\" class=\"category-link category-link-4\">Los dos Laredos<\/a>","jetpack_publicize_connections":[],"featured_image_urls":{"full":["https:\/\/pornuestrolaredo.com\/wp-content\/uploads\/2022\/11\/Obras.jpg",1280,853,false],"thumbnail":["https:\/\/pornuestrolaredo.com\/wp-content\/uploads\/2022\/11\/Obras-150x150.jpg",150,150,true],"medium":["https:\/\/pornuestrolaredo.com\/wp-content\/uploads\/2022\/11\/Obras-300x200.jpg",300,200,true],"medium_large":["https:\/\/pornuestrolaredo.com\/wp-content\/uploads\/2022\/11\/Obras-768x512.jpg",640,427,true],"large":["https:\/\/pornuestrolaredo.com\/wp-content\/uploads\/2022\/11\/Obras-1024x682.jpg",640,426,true],"1536x1536":["https:\/\/pornuestrolaredo.com\/wp-content\/uploads\/2022\/11\/Obras.jpg",1280,853,false],"2048x2048":["https:\/\/pornuestrolaredo.com\/wp-content\/uploads\/2022\/11\/Obras.jpg",1280,853,false],"morenews-large":["https:\/\/pornuestrolaredo.com\/wp-content\/uploads\/2022\/11\/Obras.jpg",825,550,false],"morenews-medium":["https:\/\/pornuestrolaredo.com\/wp-content\/uploads\/2022\/11\/Obras.jpg",590,393,false]},"author_info":{"info":["Redactor"]},"category_info":"<a href=\"https:\/\/pornuestrolaredo.com\/?cat=4\" rel=\"category\">Los dos Laredos<\/a>","tag_info":"Los dos Laredos","comment_count":"0","jetpack_featured_media_url":"https:\/\/pornuestrolaredo.com\/wp-content\/uploads\/2022\/11\/Obras.jpg","jetpack_sharing_enabled":true,"_links":{"self":[{"href":"https:\/\/pornuestrolaredo.com\/index.php?rest_route=\/wp\/v2\/posts\/875","targetHints":{"allow":["GET"]}}],"collection":[{"href":"https:\/\/pornuestrolaredo.com\/index.php?rest_route=\/wp\/v2\/posts"}],"about":[{"href":"https:\/\/pornuestrolaredo.com\/index.php?rest_route=\/wp\/v2\/types\/post"}],"author":[{"embeddable":true,"href":"https:\/\/pornuestrolaredo.com\/index.php?rest_route=\/wp\/v2\/users\/1"}],"replies":[{"embeddable":true,"href":"https:\/\/pornuestrolaredo.com\/index.php?rest_route=%2Fwp%2Fv2%2Fcomments&post=875"}],"version-history":[{"count":1,"href":"https:\/\/pornuestrolaredo.com\/index.php?rest_route=\/wp\/v2\/posts\/875\/revisions"}],"predecessor-version":[{"id":877,"href":"https:\/\/pornuestrolaredo.com\/index.php?rest_route=\/wp\/v2\/posts\/875\/revisions\/877"}],"wp:featuredmedia":[{"embeddable":true,"href":"https:\/\/pornuestrolaredo.com\/index.php?rest_route=\/wp\/v2\/media\/876"}],"wp:attachment":[{"href":"https:\/\/pornuestrolaredo.com\/index.php?rest_route=%2Fwp%2Fv2%2Fmedia&parent=875"}],"wp:term":[{"taxonomy":"category","embeddable":true,"href":"https:\/\/pornuestrolaredo.com\/index.php?rest_route=%2Fwp%2Fv2%2Fcategories&post=875"},{"taxonomy":"post_tag","embeddable":true,"href":"https:\/\/pornuestrolaredo.com\/index.php?rest_route=%2Fwp%2Fv2%2Ftags&post=875"}],"curies":[{"name":"wp","href":"https:\/\/api.w.org\/{rel}","templated":true}]}}