{"id":878,"date":"2022-11-08T19:26:00","date_gmt":"2022-11-08T19:26:00","guid":{"rendered":"https:\/\/pornuestrolaredo.com\/?p=878"},"modified":"2022-11-08T19:26:02","modified_gmt":"2022-11-08T19:26:02","slug":"sigue-el-calor-hasta-el-jueves-y-llega-frente-frio-el-viernes","status":"publish","type":"post","link":"https:\/\/pornuestrolaredo.com\/?p=878","title":{"rendered":"Sigue el calor hasta el jueves y llega frente fr\u00edo el viernes"},"content":{"rendered":"\n<p class=\"wp-block-paragraph\"><strong><em>LOS DOS LAREDOS.- <\/em><\/strong>Esta semana ser\u00e1 de fuertes contrastes: Hasta el viernes por la tarde har\u00e1 calor y ese mismo d\u00eda se espera la llegada de un frente fr\u00edo que har\u00e1 caer las temperaturas hasta los <strong>9<\/strong> grados cent\u00edgrados <strong>(50F)<\/strong>.<\/p>\n\n\n\n<p class=\"wp-block-paragraph\">El Servicio Meteorol\u00f3gico Nacional de Estados Unidos (NWS, por sus siglas en ingl\u00e9s)<\/p>\n\n\n\n<p class=\"wp-block-paragraph\">pronostica que el viernes hay hasta <strong>70<\/strong> por ciento de posibilidades de lluvias y tormentas por la noche, cerca de la medianoche. Sin embargo, las probabilidades ir\u00e1n aumentando desde la tarde.<\/p>\n\n\n\n<p class=\"wp-block-paragraph\">Por lo pronto, martes, mi\u00e9rcoles y jueves se esperan temperaturas m\u00e1ximas de hasta <strong>31<\/strong> grados cent\u00edgrados (<strong>89F<\/strong>), con cielo de nublado a parcialmente nublado y probabilidades de lluvia entre <strong>12<\/strong> y <strong>15<\/strong> por ciento.<\/p>\n\n\n\n<p class=\"wp-block-paragraph\">El NWS no descarta que se registren algunas lloviznas ligeras, pese a las bajas posibilidades, entre martes y jueves.<\/p>\n\n\n\n<p class=\"wp-block-paragraph\">El cambio brusco de temperaturas se dar\u00e1 el viernes, pues el NWS considera que el calor alcanzar\u00e1 los <strong>29<\/strong> cent\u00edgrados <strong>(83F)<\/strong> y con la llegada del frente fr\u00edo comenzar\u00e1n a caer hasta alcanzar por la ma\u00f1ana del s\u00e1bado, los 10 cent\u00edgrados <strong>(50F)<\/strong>.<\/p>\n\n\n\n<p class=\"wp-block-paragraph\">El s\u00e1bado se espera que el term\u00f3metro no pase de los <strong>15<\/strong> grados cent\u00edgrados <strong>(59F)<\/strong> y por la noche y ma\u00f1ana del domingo la m\u00ednima estar\u00e1 marcada en los <strong>9<\/strong> cent\u00edgrados <strong>(47F)<\/strong>.<\/p>\n\n\n\n<p class=\"wp-block-paragraph\">Para la siguiente semana, que arranca el domingo, se esperan tardes frescas y noches moderadamente fr\u00edas, al menos hasta el jueves.<\/p>\n\n\n\n<p class=\"wp-block-paragraph\">Recuerde que la Naturaleza es una dama y tiene derecho a cambiar de opini\u00f3n.<\/p>\n\n\n\n<p class=\"wp-block-paragraph\"><strong>EL PRON\u00d3STICO<\/strong><\/p>\n\n\n\n<p class=\"wp-block-paragraph\">El NWS dio a conocer su pron\u00f3stico para los siguientes 10 d\u00edas.<\/p>\n\n\n\n<ul class=\"wp-block-list\">\n<li>Martes<\/li>\n\n\n\n<li>M\u00e1xima 31C\/88F&nbsp;&nbsp;&nbsp;&nbsp;&nbsp;&nbsp;&nbsp; M\u00ednima 22C\/72F<\/li>\n<\/ul>\n\n\n\n<p class=\"wp-block-paragraph\">Probabilidades m\u00e1ximas de lluvia 15%<\/p>\n\n\n\n<p class=\"wp-block-paragraph\">Mi\u00e9rcoles<\/p>\n\n\n\n<ul class=\"wp-block-list\">\n<li>M\u00e1xima 31C\/88F&nbsp;&nbsp;&nbsp;&nbsp;&nbsp;&nbsp;&nbsp; M\u00ednima 20C\/68F<\/li>\n\n\n\n<li>Probabilidades m\u00e1ximas de lluvia 15%<\/li>\n<\/ul>\n\n\n\n<p class=\"wp-block-paragraph\">Jueves<\/p>\n\n\n\n<p class=\"wp-block-paragraph\">M\u00e1xima 31C\/89F&nbsp;&nbsp;&nbsp;&nbsp;&nbsp;&nbsp;&nbsp; M\u00ednima 21C\/70F<\/p>\n\n\n\n<p class=\"wp-block-paragraph\">Probabilidades m\u00e1ximas de lluvia 15%<\/p>\n\n\n\n<p class=\"wp-block-paragraph\">Viernes<\/p>\n\n\n\n<ul class=\"wp-block-list\">\n<li>M\u00e1xima 31C\/83F&nbsp;&nbsp;&nbsp;&nbsp;&nbsp;&nbsp;&nbsp; M\u00ednima 22C\/50F<\/li>\n\n\n\n<li>Probabilidades m\u00e1ximas de lluvia 70%<\/li>\n<\/ul>\n\n\n\n<p class=\"wp-block-paragraph\">S\u00e1bado<\/p>\n\n\n\n<ul class=\"wp-block-list\">\n<li>M\u00e1xima 15C\/59F&nbsp;&nbsp;&nbsp;&nbsp;&nbsp;&nbsp;&nbsp; M\u00ednima 9C\/47F<\/li>\n\n\n\n<li>Probabilidades m\u00e1ximas de lluvia 67%<\/li>\n<\/ul>\n\n\n\n<p class=\"wp-block-paragraph\">Domingo<\/p>\n\n\n\n<ul class=\"wp-block-list\">\n<li>M\u00e1xima 17C\/62F&nbsp;&nbsp;&nbsp;&nbsp;&nbsp;&nbsp;&nbsp; M\u00ednima 11C\/52F<\/li>\n\n\n\n<li>Probabilidades m\u00e1ximas de lluvia 8%<\/li>\n<\/ul>\n\n\n\n<p class=\"wp-block-paragraph\">Lunes<\/p>\n\n\n\n<ul class=\"wp-block-list\">\n<li>M\u00e1xima 18C\/65F&nbsp;&nbsp;&nbsp;&nbsp;&nbsp;&nbsp;&nbsp; M\u00ednima 14C\/57F<\/li>\n\n\n\n<li>Probabilidades m\u00e1ximas de lluvia 22%<\/li>\n<\/ul>\n\n\n\n<p class=\"wp-block-paragraph\">Martes<\/p>\n\n\n\n<ul class=\"wp-block-list\">\n<li>M\u00e1xima 19C\/67F&nbsp;&nbsp;&nbsp;&nbsp;&nbsp;&nbsp;&nbsp; M\u00ednima 12C\/54F<\/li>\n\n\n\n<li>Probabilidades m\u00e1ximas de lluvia 49%<\/li>\n<\/ul>\n\n\n\n<p class=\"wp-block-paragraph\">Mi\u00e9rcoles<\/p>\n\n\n\n<ul class=\"wp-block-list\">\n<li>M\u00e1xima 19C\/64F&nbsp;&nbsp;&nbsp;&nbsp;&nbsp;&nbsp;&nbsp; M\u00ednima 9C\/49F<\/li>\n\n\n\n<li>Probabilidades m\u00e1ximas de lluvia 36%<\/li>\n<\/ul>\n\n\n\n<p class=\"wp-block-paragraph\">Jueves<\/p>\n\n\n\n<ul class=\"wp-block-list\">\n<li>M\u00e1xima 15C\/58F&nbsp;&nbsp;&nbsp;&nbsp;&nbsp;&nbsp;&nbsp; M\u00ednima 8C\/47F<\/li>\n\n\n\n<li>Probabilidades m\u00e1ximas de lluvia 23%<\/li>\n<\/ul>\n","protected":false},"excerpt":{"rendered":"<p>LOS DOS LAREDOS.- Esta semana ser\u00e1 de fuertes contrastes: Hasta el viernes por la tarde har\u00e1 calor y<\/p>\n","protected":false},"author":1,"featured_media":879,"comment_status":"open","ping_status":"open","sticky":false,"template":"","format":"standard","meta":{"_crdt_document":"","_jetpack_memberships_contains_paid_content":false,"footnotes":"","jetpack_publicize_message":"Se espera que este s\u00e1bado por la ma\u00f1ana, el term\u00f3metro caiga hasta los 9 grados cent\u00edgrados (47F); posibles lluvias el viernes","jetpack_publicize_feature_enabled":true,"jetpack_social_post_already_shared":true,"jetpack_social_options":{"image_generator_settings":{"template":"highway","default_image_id":0,"font":"","enabled":false},"version":2},"_wpas_customize_per_network":false},"categories":[4],"tags":[],"class_list":["post-878","post","type-post","status-publish","format-standard","has-post-thumbnail","hentry","category-los-dos-laredos"],"magazineBlocksPostFeaturedMedia":{"thumbnail":"https:\/\/pornuestrolaredo.com\/wp-content\/uploads\/2022\/11\/PNL-20221108-1-150x150.jpeg","medium":"https:\/\/pornuestrolaredo.com\/wp-content\/uploads\/2022\/11\/PNL-20221108-1-300x187.jpeg","medium_large":"https:\/\/pornuestrolaredo.com\/wp-content\/uploads\/2022\/11\/PNL-20221108-1-768x480.jpeg","large":"https:\/\/pornuestrolaredo.com\/wp-content\/uploads\/2022\/11\/PNL-20221108-1-1024x640.jpeg","1536x1536":"https:\/\/pornuestrolaredo.com\/wp-content\/uploads\/2022\/11\/PNL-20221108-1.jpeg","2048x2048":"https:\/\/pornuestrolaredo.com\/wp-content\/uploads\/2022\/11\/PNL-20221108-1.jpeg","morenews-large":"https:\/\/pornuestrolaredo.com\/wp-content\/uploads\/2022\/11\/PNL-20221108-1.jpeg","morenews-medium":"https:\/\/pornuestrolaredo.com\/wp-content\/uploads\/2022\/11\/PNL-20221108-1.jpeg"},"magazineBlocksPostAuthor":{"name":"Redactor","avatar":"https:\/\/pornuestrolaredo.com\/wp-content\/litespeed\/avatar\/dca1d7ec750c399f025f23b0b314f4cf.jpg?ver=1777612120"},"magazineBlocksPostCommentsNumber":false,"magazineBlocksPostExcerpt":"LOS DOS LAREDOS.- Esta semana ser\u00e1 de fuertes contrastes: Hasta el viernes por la tarde har\u00e1 calor y","magazineBlocksPostCategories":["Los dos Laredos"],"magazineBlocksPostViewCount":120,"magazineBlocksPostReadTime":3,"magazine_blocks_featured_image_url":{"full":["https:\/\/pornuestrolaredo.com\/wp-content\/uploads\/2022\/11\/PNL-20221108-1.jpeg",1140,712,false],"medium":["https:\/\/pornuestrolaredo.com\/wp-content\/uploads\/2022\/11\/PNL-20221108-1-300x187.jpeg",300,187,true],"thumbnail":["https:\/\/pornuestrolaredo.com\/wp-content\/uploads\/2022\/11\/PNL-20221108-1-150x150.jpeg",150,150,true]},"magazine_blocks_author":{"display_name":"Redactor","author_link":"https:\/\/pornuestrolaredo.com\/?author=1"},"magazine_blocks_comment":0,"magazine_blocks_author_image":"https:\/\/pornuestrolaredo.com\/wp-content\/litespeed\/avatar\/dca1d7ec750c399f025f23b0b314f4cf.jpg?ver=1777612120","magazine_blocks_category":"<a href=\"#\" class=\"category-link category-link-4\">Los dos Laredos<\/a>","jetpack_publicize_connections":[],"featured_image_urls":{"full":["https:\/\/pornuestrolaredo.com\/wp-content\/uploads\/2022\/11\/PNL-20221108-1.jpeg",1140,712,false],"thumbnail":["https:\/\/pornuestrolaredo.com\/wp-content\/uploads\/2022\/11\/PNL-20221108-1-150x150.jpeg",150,150,true],"medium":["https:\/\/pornuestrolaredo.com\/wp-content\/uploads\/2022\/11\/PNL-20221108-1-300x187.jpeg",300,187,true],"medium_large":["https:\/\/pornuestrolaredo.com\/wp-content\/uploads\/2022\/11\/PNL-20221108-1-768x480.jpeg",640,400,true],"large":["https:\/\/pornuestrolaredo.com\/wp-content\/uploads\/2022\/11\/PNL-20221108-1-1024x640.jpeg",640,400,true],"1536x1536":["https:\/\/pornuestrolaredo.com\/wp-content\/uploads\/2022\/11\/PNL-20221108-1.jpeg",1140,712,false],"2048x2048":["https:\/\/pornuestrolaredo.com\/wp-content\/uploads\/2022\/11\/PNL-20221108-1.jpeg",1140,712,false],"morenews-large":["https:\/\/pornuestrolaredo.com\/wp-content\/uploads\/2022\/11\/PNL-20221108-1.jpeg",825,515,false],"morenews-medium":["https:\/\/pornuestrolaredo.com\/wp-content\/uploads\/2022\/11\/PNL-20221108-1.jpeg",590,368,false]},"author_info":{"info":["Redactor"]},"category_info":"<a href=\"https:\/\/pornuestrolaredo.com\/?cat=4\" rel=\"category\">Los dos Laredos<\/a>","tag_info":"Los dos Laredos","comment_count":"0","jetpack_featured_media_url":"https:\/\/pornuestrolaredo.com\/wp-content\/uploads\/2022\/11\/PNL-20221108-1.jpeg","jetpack_sharing_enabled":true,"_links":{"self":[{"href":"https:\/\/pornuestrolaredo.com\/index.php?rest_route=\/wp\/v2\/posts\/878","targetHints":{"allow":["GET"]}}],"collection":[{"href":"https:\/\/pornuestrolaredo.com\/index.php?rest_route=\/wp\/v2\/posts"}],"about":[{"href":"https:\/\/pornuestrolaredo.com\/index.php?rest_route=\/wp\/v2\/types\/post"}],"author":[{"embeddable":true,"href":"https:\/\/pornuestrolaredo.com\/index.php?rest_route=\/wp\/v2\/users\/1"}],"replies":[{"embeddable":true,"href":"https:\/\/pornuestrolaredo.com\/index.php?rest_route=%2Fwp%2Fv2%2Fcomments&post=878"}],"version-history":[{"count":1,"href":"https:\/\/pornuestrolaredo.com\/index.php?rest_route=\/wp\/v2\/posts\/878\/revisions"}],"predecessor-version":[{"id":880,"href":"https:\/\/pornuestrolaredo.com\/index.php?rest_route=\/wp\/v2\/posts\/878\/revisions\/880"}],"wp:featuredmedia":[{"embeddable":true,"href":"https:\/\/pornuestrolaredo.com\/index.php?rest_route=\/wp\/v2\/media\/879"}],"wp:attachment":[{"href":"https:\/\/pornuestrolaredo.com\/index.php?rest_route=%2Fwp%2Fv2%2Fmedia&parent=878"}],"wp:term":[{"taxonomy":"category","embeddable":true,"href":"https:\/\/pornuestrolaredo.com\/index.php?rest_route=%2Fwp%2Fv2%2Fcategories&post=878"},{"taxonomy":"post_tag","embeddable":true,"href":"https:\/\/pornuestrolaredo.com\/index.php?rest_route=%2Fwp%2Fv2%2Ftags&post=878"}],"curies":[{"name":"wp","href":"https:\/\/api.w.org\/{rel}","templated":true}]}}