{"id":8782,"date":"2026-08-31T12:47:19","date_gmt":"2026-08-31T17:47:19","guid":{"rendered":"https:\/\/pornuestrolaredo.com\/?p=8782"},"modified":"2026-08-31T12:47:43","modified_gmt":"2026-08-31T17:47:43","slug":"regular-celulares-piden-8-de-cada-10-maestros","status":"publish","type":"post","link":"https:\/\/pornuestrolaredo.com\/?p=8782","title":{"rendered":"Regular celulares, piden 8 de cada 10 maestros"},"content":{"rendered":"<p><strong><em>CIUDAD DE M\u00c9XICO.-<\/em><\/strong> Mario Delgado, titular de la SEP, inform\u00f3 que los resultados fueron presentados parcialmente el viernes pasado en la reuni\u00f3n del Consejo Nacional de Autoridades Educativas, donde se plante\u00f3 una propuesta que seguir\u00e1 en revisi\u00f3n esta semana.<\/p>\n<blockquote><p>El diagn\u00f3stico: el 81 por ciento est\u00e1 a favor de que haya lineamientos, de que haya reglas para garantizar un uso seguro y con fines pedag\u00f3gicos&#8221;, dijo.<\/p><\/blockquote>\n<p>El funcionario se\u00f1al\u00f3 que, de acuerdo con las respuestas de los docentes, el celular es el dispositivo m\u00e1s utilizado por los alumnos, ya que casi 40 por ciento report\u00f3 su presencia, seguido de los relojes inteligentes, con 24 por ciento.<\/p>\n<p>Los profesores se\u00f1alaron que los dispositivos son utilizados dentro del aula, durante el recreo y a la entrada y salida de los planteles.<\/p>\n<p>Delgado expuso que 48 por ciento de quienes respondieron considera que el uso de celulares dificulta mantener la atenci\u00f3n de los estudiantes.<\/p>\n<p>Adem\u00e1s, 38 por ciento indic\u00f3 que interrumpe las actividades escolares y 34 por ciento advirti\u00f3 que los alumnos dejan de convivir por estar en el tel\u00e9fono.<\/p>\n<blockquote><p>Est\u00e1n detectando ya casi un 40 por ciento, un 38.7 por ciento, que conflictos que se generan en las redes se trasladan al aula o se trasladan a la escuela&#8221;, expuso.<\/p><\/blockquote>\n<p>El Secretario indic\u00f3 que 51 por ciento de los maestros propuso establecer protocolos para atender situaciones de riesgo relacionadas con el uso de dispositivos y redes sociales.<\/p>\n<p>Los docentes tambi\u00e9n plantearon que las familias participen en los acuerdos para regular el acceso de ni\u00f1as, ni\u00f1os y adolescentes a las tecnolog\u00edas digitales.<\/p>\n<p>Delgado afirm\u00f3 que la SEP y las autoridades educativas estatales revisar\u00e1n esta semana la propuesta para definir los lineamientos que se aplicar\u00e1n en las escuelas.<\/p>\n","protected":false},"excerpt":{"rendered":"<p>Buscan que que haya lineamientos, de que haya reglas para garantizar un uso seguro y con fines pedag\u00f3gicos<\/p>\n","protected":false},"author":1,"featured_media":8784,"comment_status":"closed","ping_status":"closed","sticky":false,"template":"","format":"standard","meta":{"_jetpack_newsletter_access":"","_jetpack_dont_email_post_to_subs":false,"_jetpack_newsletter_tier_id":0,"_jetpack_memberships_contains_paywalled_content":false,"_jetpack_feature_clip_id":0,"_jetpack_memberships_contains_paid_content":false,"footnotes":"","jetpack_publicize_message":"Regular celulares, piden 8 de cada 10 maestros","jetpack_publicize_feature_enabled":true,"jetpack_social_post_already_shared":true,"jetpack_social_options":{"image_generator_settings":{"template":"highway","default_image_id":0,"font":"","enabled":false},"version":2},"jetpack_post_was_ever_published":false},"categories":[33],"tags":[],"class_list":["post-8782","post","type-post","status-publish","format-standard","has-post-thumbnail","hentry","category-mexico"],"magazineBlocksPostFeaturedMedia":{"thumbnail":"https:\/\/pornuestrolaredo.com\/wp-content\/uploads\/2026\/08\/PNL-20260831-5-150x150.jpeg","medium":"https:\/\/pornuestrolaredo.com\/wp-content\/uploads\/2026\/08\/PNL-20260831-5-300x187.jpeg","medium_large":"https:\/\/pornuestrolaredo.com\/wp-content\/uploads\/2026\/08\/PNL-20260831-5-768x480.jpeg","large":"https:\/\/pornuestrolaredo.com\/wp-content\/uploads\/2026\/08\/PNL-20260831-5.jpeg","1536x1536":"https:\/\/pornuestrolaredo.com\/wp-content\/uploads\/2026\/08\/PNL-20260831-5.jpeg","2048x2048":"https:\/\/pornuestrolaredo.com\/wp-content\/uploads\/2026\/08\/PNL-20260831-5.jpeg","morenews-large":"https:\/\/pornuestrolaredo.com\/wp-content\/uploads\/2026\/08\/PNL-20260831-5.jpeg","morenews-medium":"https:\/\/pornuestrolaredo.com\/wp-content\/uploads\/2026\/08\/PNL-20260831-5-590x410.jpeg"},"magazineBlocksPostAuthor":{"name":"Redactor","avatar":"https:\/\/pornuestrolaredo.com\/wp-content\/litespeed\/avatar\/dca1d7ec750c399f025f23b0b314f4cf.jpg?ver=1787917656"},"magazineBlocksPostCommentsNumber":false,"magazineBlocksPostExcerpt":"Buscan que que haya lineamientos, de que haya reglas para garantizar un uso seguro y con fines pedag\u00f3gicos","magazineBlocksPostCategories":["Mexico"],"magazineBlocksPostViewCount":1,"magazineBlocksPostReadTime":2,"magazine_blocks_featured_image_url":{"full":["https:\/\/pornuestrolaredo.com\/wp-content\/uploads\/2026\/08\/PNL-20260831-5.jpeg",794,496,false],"medium":["https:\/\/pornuestrolaredo.com\/wp-content\/uploads\/2026\/08\/PNL-20260831-5-300x187.jpeg",300,187,true],"thumbnail":["https:\/\/pornuestrolaredo.com\/wp-content\/uploads\/2026\/08\/PNL-20260831-5-150x150.jpeg",150,150,true]},"magazine_blocks_author":{"display_name":"Redactor","author_link":"https:\/\/pornuestrolaredo.com\/?author=1"},"magazine_blocks_comment":0,"magazine_blocks_author_image":"https:\/\/pornuestrolaredo.com\/wp-content\/litespeed\/avatar\/dca1d7ec750c399f025f23b0b314f4cf.jpg?ver=1787917656","magazine_blocks_category":"<a href=\"#\" class=\"category-link category-link-33\">Mexico<\/a>","videoUrl":"","jetpack_publicize_connections":[],"featured_image_urls":{"full":["https:\/\/pornuestrolaredo.com\/wp-content\/uploads\/2026\/08\/PNL-20260831-5.jpeg",794,496,false],"thumbnail":["https:\/\/pornuestrolaredo.com\/wp-content\/uploads\/2026\/08\/PNL-20260831-5-150x150.jpeg",150,150,true],"medium":["https:\/\/pornuestrolaredo.com\/wp-content\/uploads\/2026\/08\/PNL-20260831-5-300x187.jpeg",300,187,true],"medium_large":["https:\/\/pornuestrolaredo.com\/wp-content\/uploads\/2026\/08\/PNL-20260831-5-768x480.jpeg",640,400,true],"large":["https:\/\/pornuestrolaredo.com\/wp-content\/uploads\/2026\/08\/PNL-20260831-5.jpeg",640,400,false],"1536x1536":["https:\/\/pornuestrolaredo.com\/wp-content\/uploads\/2026\/08\/PNL-20260831-5.jpeg",794,496,false],"2048x2048":["https:\/\/pornuestrolaredo.com\/wp-content\/uploads\/2026\/08\/PNL-20260831-5.jpeg",794,496,false],"morenews-large":["https:\/\/pornuestrolaredo.com\/wp-content\/uploads\/2026\/08\/PNL-20260831-5.jpeg",794,496,false],"morenews-medium":["https:\/\/pornuestrolaredo.com\/wp-content\/uploads\/2026\/08\/PNL-20260831-5-590x410.jpeg",590,410,true]},"author_info":{"info":["Redactor"]},"category_info":"<a href=\"https:\/\/pornuestrolaredo.com\/?cat=33\" rel=\"category\">Mexico<\/a>","tag_info":"Mexico","comment_count":"0","jetpack_sharing_enabled":true,"jetpack_featured_media_url":"https:\/\/pornuestrolaredo.com\/wp-content\/uploads\/2026\/08\/PNL-20260831-5.jpeg","_links":{"self":[{"href":"https:\/\/pornuestrolaredo.com\/index.php?rest_route=\/wp\/v2\/posts\/8782","targetHints":{"allow":["GET"]}}],"collection":[{"href":"https:\/\/pornuestrolaredo.com\/index.php?rest_route=\/wp\/v2\/posts"}],"about":[{"href":"https:\/\/pornuestrolaredo.com\/index.php?rest_route=\/wp\/v2\/types\/post"}],"author":[{"embeddable":true,"href":"https:\/\/pornuestrolaredo.com\/index.php?rest_route=\/wp\/v2\/users\/1"}],"replies":[{"embeddable":true,"href":"https:\/\/pornuestrolaredo.com\/index.php?rest_route=%2Fwp%2Fv2%2Fcomments&post=8782"}],"version-history":[{"count":1,"href":"https:\/\/pornuestrolaredo.com\/index.php?rest_route=\/wp\/v2\/posts\/8782\/revisions"}],"predecessor-version":[{"id":8783,"href":"https:\/\/pornuestrolaredo.com\/index.php?rest_route=\/wp\/v2\/posts\/8782\/revisions\/8783"}],"wp:featuredmedia":[{"embeddable":true,"href":"https:\/\/pornuestrolaredo.com\/index.php?rest_route=\/wp\/v2\/media\/8784"}],"wp:attachment":[{"href":"https:\/\/pornuestrolaredo.com\/index.php?rest_route=%2Fwp%2Fv2%2Fmedia&parent=8782"}],"wp:term":[{"taxonomy":"category","embeddable":true,"href":"https:\/\/pornuestrolaredo.com\/index.php?rest_route=%2Fwp%2Fv2%2Fcategories&post=8782"},{"taxonomy":"post_tag","embeddable":true,"href":"https:\/\/pornuestrolaredo.com\/index.php?rest_route=%2Fwp%2Fv2%2Ftags&post=8782"}],"curies":[{"name":"wp","href":"https:\/\/api.w.org\/{rel}","templated":true}]}}