{"id":8789,"date":"2026-09-01T15:55:36","date_gmt":"2026-09-01T20:55:36","guid":{"rendered":"https:\/\/pornuestrolaredo.com\/?p=8789"},"modified":"2026-09-01T15:56:29","modified_gmt":"2026-09-01T20:56:29","slug":"anuncia-apple-lanzamiento-fenomenal-del-iphone","status":"publish","type":"post","link":"https:\/\/pornuestrolaredo.com\/?p=8789","title":{"rendered":"Anuncia Apple \u2018lanzamiento fenomenal\u2019 del iPhone"},"content":{"rendered":"<p><strong>SAN FRANCISCO.-<\/strong> El nuevo director ejecutivo de Apple Inc., John Ternus, destac\u00f3 la s\u00f3lida cartera de productos de la compa\u00f1\u00eda y adelant\u00f3 un lanzamiento &#8220;fenomenal&#8221; del iPhone para la pr\u00f3xima semana en sus primeras declaraciones a los empleados como su nuevo l\u00edder.<\/p>\n<p>El director ejecutivo, quien anteriormente dirig\u00eda el \u00e1rea de ingenier\u00eda de hardware, expres\u00f3 su entusiasmo por lo que &#8220;hay m\u00e1s all\u00e1&#8221; del lanzamiento del nuevo iPhone, &#8220;incluidos los incre\u00edbles productos que ya est\u00e1n en desarrollo y aquellos que a\u00fan ni siquiera hemos imaginado, pero que idearemos y crearemos juntos&#8221;.<\/p>\n<p>Tambi\u00e9n agradeci\u00f3 a su predecesor, Tim Cook, por su liderazgo en Apple y por su ayuda durante la transici\u00f3n. Cook, quien dirigi\u00f3 Apple durante 15 a\u00f1os, permanecer\u00e1 en la empresa como presidente ejecutivo.<\/p>\n<p>Asimismo, Ternus public\u00f3 hoy un mensaje en X por primera vez, uni\u00e9ndose a Cook y al jefe de marketing, Greg Joswiak, entre los ejecutivos de Apple activos en dicha plataforma de redes sociales.<\/p>\n<p>Joswiak se\u00f1al\u00f3 que Ternus tendr\u00eda m\u00e1s que decir en el evento de la compa\u00f1\u00eda programado para el 9 de septiembre. Apple planea lanzar su primer iPhone plegable y se prepara para incursionar en el mercado de dispositivos para el hogar inteligente.<\/p>\n<p>A m\u00e1s largo plazo, la hoja de ruta de Apple incluye AirPods con c\u00e1maras, gafas inteligentes, un robot dom\u00e9stico de sobremesa y un MacBook con pantalla t\u00e1ctil, seg\u00fan ha informado Bloomberg News.<\/p>\n<p>Cook envi\u00f3 ayer su \u00faltimo mensaje a los empleados como director ejecutivo, expresando que extra\u00f1ar\u00e1 el trabajo pero que conf\u00eda plenamente en el liderazgo de Ternus.<\/p>\n","protected":false},"excerpt":{"rendered":"<p>Asume John Ternus como nuevo director ejecutivo de Apple Inc, en sustituci\u00f3n de Tim Cook<\/p>\n","protected":false},"author":1,"featured_media":8790,"comment_status":"closed","ping_status":"closed","sticky":false,"template":"","format":"standard","meta":{"_jetpack_newsletter_access":"","_jetpack_dont_email_post_to_subs":false,"_jetpack_newsletter_tier_id":0,"_jetpack_memberships_contains_paywalled_content":false,"_jetpack_feature_clip_id":0,"_jetpack_memberships_contains_paid_content":false,"footnotes":"","jetpack_publicize_message":"","jetpack_publicize_feature_enabled":true,"jetpack_social_post_already_shared":true,"jetpack_social_options":{"image_generator_settings":{"template":"highway","default_image_id":0,"font":"","enabled":false},"version":2},"jetpack_post_was_ever_published":false},"categories":[94],"tags":[],"class_list":["post-8789","post","type-post","status-publish","format-standard","has-post-thumbnail","hentry","category-ciencia-y-tecnologia"],"magazineBlocksPostFeaturedMedia":{"thumbnail":"https:\/\/pornuestrolaredo.com\/wp-content\/uploads\/2026\/09\/Stereo91-20260901-3-150x150.jpg","medium":"https:\/\/pornuestrolaredo.com\/wp-content\/uploads\/2026\/09\/Stereo91-20260901-3-300x169.jpg","medium_large":"https:\/\/pornuestrolaredo.com\/wp-content\/uploads\/2026\/09\/Stereo91-20260901-3-768x432.jpg","large":"https:\/\/pornuestrolaredo.com\/wp-content\/uploads\/2026\/09\/Stereo91-20260901-3.jpg","1536x1536":"https:\/\/pornuestrolaredo.com\/wp-content\/uploads\/2026\/09\/Stereo91-20260901-3.jpg","2048x2048":"https:\/\/pornuestrolaredo.com\/wp-content\/uploads\/2026\/09\/Stereo91-20260901-3.jpg","morenews-large":"https:\/\/pornuestrolaredo.com\/wp-content\/uploads\/2026\/09\/Stereo91-20260901-3-825x540.jpg","morenews-medium":"https:\/\/pornuestrolaredo.com\/wp-content\/uploads\/2026\/09\/Stereo91-20260901-3-590x410.jpg"},"magazineBlocksPostAuthor":{"name":"Redactor","avatar":"https:\/\/pornuestrolaredo.com\/wp-content\/litespeed\/avatar\/dca1d7ec750c399f025f23b0b314f4cf.jpg?ver=1787917656"},"magazineBlocksPostCommentsNumber":false,"magazineBlocksPostExcerpt":"Asume John Ternus como nuevo director ejecutivo de Apple Inc, en sustituci\u00f3n de Tim Cook","magazineBlocksPostCategories":["Ciencia y Tecnolog\u00eda"],"magazineBlocksPostViewCount":38,"magazineBlocksPostReadTime":2,"magazine_blocks_featured_image_url":{"full":["https:\/\/pornuestrolaredo.com\/wp-content\/uploads\/2026\/09\/Stereo91-20260901-3.jpg",960,540,false],"medium":["https:\/\/pornuestrolaredo.com\/wp-content\/uploads\/2026\/09\/Stereo91-20260901-3-300x169.jpg",300,169,true],"thumbnail":["https:\/\/pornuestrolaredo.com\/wp-content\/uploads\/2026\/09\/Stereo91-20260901-3-150x150.jpg",150,150,true]},"magazine_blocks_author":{"display_name":"Redactor","author_link":"https:\/\/pornuestrolaredo.com\/?author=1"},"magazine_blocks_comment":0,"magazine_blocks_author_image":"https:\/\/pornuestrolaredo.com\/wp-content\/litespeed\/avatar\/dca1d7ec750c399f025f23b0b314f4cf.jpg?ver=1787917656","magazine_blocks_category":"<a href=\"#\" class=\"category-link category-link-94\">Ciencia y Tecnolog\u00eda<\/a>","videoUrl":"","jetpack_publicize_connections":[],"featured_image_urls":{"full":["https:\/\/pornuestrolaredo.com\/wp-content\/uploads\/2026\/09\/Stereo91-20260901-3.jpg",960,540,false],"thumbnail":["https:\/\/pornuestrolaredo.com\/wp-content\/uploads\/2026\/09\/Stereo91-20260901-3-150x150.jpg",150,150,true],"medium":["https:\/\/pornuestrolaredo.com\/wp-content\/uploads\/2026\/09\/Stereo91-20260901-3-300x169.jpg",300,169,true],"medium_large":["https:\/\/pornuestrolaredo.com\/wp-content\/uploads\/2026\/09\/Stereo91-20260901-3-768x432.jpg",640,360,true],"large":["https:\/\/pornuestrolaredo.com\/wp-content\/uploads\/2026\/09\/Stereo91-20260901-3.jpg",640,360,false],"1536x1536":["https:\/\/pornuestrolaredo.com\/wp-content\/uploads\/2026\/09\/Stereo91-20260901-3.jpg",960,540,false],"2048x2048":["https:\/\/pornuestrolaredo.com\/wp-content\/uploads\/2026\/09\/Stereo91-20260901-3.jpg",960,540,false],"morenews-large":["https:\/\/pornuestrolaredo.com\/wp-content\/uploads\/2026\/09\/Stereo91-20260901-3-825x540.jpg",825,540,true],"morenews-medium":["https:\/\/pornuestrolaredo.com\/wp-content\/uploads\/2026\/09\/Stereo91-20260901-3-590x410.jpg",590,410,true]},"author_info":{"info":["Redactor"]},"category_info":"<a href=\"https:\/\/pornuestrolaredo.com\/?cat=94\" rel=\"category\">Ciencia y Tecnolog\u00eda<\/a>","tag_info":"Ciencia y Tecnolog\u00eda","comment_count":"0","jetpack_sharing_enabled":true,"jetpack_featured_media_url":"https:\/\/pornuestrolaredo.com\/wp-content\/uploads\/2026\/09\/Stereo91-20260901-3.jpg","_links":{"self":[{"href":"https:\/\/pornuestrolaredo.com\/index.php?rest_route=\/wp\/v2\/posts\/8789","targetHints":{"allow":["GET"]}}],"collection":[{"href":"https:\/\/pornuestrolaredo.com\/index.php?rest_route=\/wp\/v2\/posts"}],"about":[{"href":"https:\/\/pornuestrolaredo.com\/index.php?rest_route=\/wp\/v2\/types\/post"}],"author":[{"embeddable":true,"href":"https:\/\/pornuestrolaredo.com\/index.php?rest_route=\/wp\/v2\/users\/1"}],"replies":[{"embeddable":true,"href":"https:\/\/pornuestrolaredo.com\/index.php?rest_route=%2Fwp%2Fv2%2Fcomments&post=8789"}],"version-history":[{"count":2,"href":"https:\/\/pornuestrolaredo.com\/index.php?rest_route=\/wp\/v2\/posts\/8789\/revisions"}],"predecessor-version":[{"id":8792,"href":"https:\/\/pornuestrolaredo.com\/index.php?rest_route=\/wp\/v2\/posts\/8789\/revisions\/8792"}],"wp:featuredmedia":[{"embeddable":true,"href":"https:\/\/pornuestrolaredo.com\/index.php?rest_route=\/wp\/v2\/media\/8790"}],"wp:attachment":[{"href":"https:\/\/pornuestrolaredo.com\/index.php?rest_route=%2Fwp%2Fv2%2Fmedia&parent=8789"}],"wp:term":[{"taxonomy":"category","embeddable":true,"href":"https:\/\/pornuestrolaredo.com\/index.php?rest_route=%2Fwp%2Fv2%2Fcategories&post=8789"},{"taxonomy":"post_tag","embeddable":true,"href":"https:\/\/pornuestrolaredo.com\/index.php?rest_route=%2Fwp%2Fv2%2Ftags&post=8789"}],"curies":[{"name":"wp","href":"https:\/\/api.w.org\/{rel}","templated":true}]}}