{"id":8793,"date":"2026-09-01T16:05:44","date_gmt":"2026-09-01T21:05:44","guid":{"rendered":"https:\/\/pornuestrolaredo.com\/?p=8793"},"modified":"2026-09-01T16:05:44","modified_gmt":"2026-09-01T21:05:44","slug":"invitan-a-la-liga-municipal-de-flag-football-2026","status":"publish","type":"post","link":"https:\/\/pornuestrolaredo.com\/?p=8793","title":{"rendered":"Invitan a la Liga Municipal de Flag Football 2026"},"content":{"rendered":"<p><strong><em>NUEVO LAREDO.-<\/em><\/strong> Con el objetivo de seguir promoviendo la activaci\u00f3n f\u00edsica, la sana convivencia y el desarrollo de habilidades deportivas entre las nuevas generaciones, el Gobierno de Nuevo Laredo, encabezado por la presidenta municipal Carmen Lilia Canturosas Villarreal, invita a participar en la Liga Municipal de Flag Football 2026.<\/p>\n<p>A trav\u00e9s de la Secretar\u00eda de Educaci\u00f3n, Cultura y Deporte, se abre la convocatoria para ni\u00f1as, ni\u00f1os, adolescentes y j\u00f3venes que deseen formar parte de esta disciplina, donde podr\u00e1n fortalecer valores como el trabajo en equipo, la disciplina y el compa\u00f1erismo, adem\u00e1s de disfrutar de la actividad f\u00edsica.<\/p>\n<p>La liga iniciar\u00e1 el 26 de septiembre de 2026 en el Campo Pen\u00ednsula El Laguito, con actividades de 8:00 de la ma\u00f1ana a 12:00 del mediod\u00eda y de 4:00 de la tarde a 9:00 de la noche.<\/p>\n<p>La convocatoria est\u00e1 dirigida a las ramas Femenil y Varonil, en las siguientes categor\u00edas:<\/p>\n<p>\u2022\u2060  \u2060Primaria: 10 a 12 a\u00f1os.<br \/>\n\u2022\u2060  \u2060Secundaria: 13 a 15 a\u00f1os.<br \/>\n\u2022\u2060  \u2060Preparatoria: 16 a 18 a\u00f1os.<br \/>\n\u2022\u2060  \u2060Universidad: 19 a 22 a\u00f1os.<\/p>\n<p>Para inscribirse ser\u00e1 necesario presentar:<\/p>\n<p>\u2022\u2060  \u2060C\u00e9dula de inscripci\u00f3n.<br \/>\n\u2022\u2060  \u2060Carta responsiva.<br \/>\n\u2022\u2060  \u2060Roster del equipo con fotograf\u00eda.<br \/>\n\u2022\u2060  \u2060Copia del INE de quien firme la responsiva.<\/p>\n<p>Para m\u00e1s informaci\u00f3n e inscripciones, las personas interesadas pueden comunicarse al 867 719 47 82.<\/p>\n<p>Con esta convocatoria, el Gobierno Municipal fortalece las alternativas deportivas para las distintas edades y genera espacios donde ni\u00f1as, ni\u00f1os, adolescentes y j\u00f3venes pueden mantenerse activos, desarrollar sus capacidades y formar parte de actividades que fomentan la convivencia y el trabajo en equipo.<\/p>\n<p>Con acciones como estas, el Gobierno de Nuevo Laredo refrenda su compromiso de impulsar el deporte como una herramienta para el bienestar, la formaci\u00f3n integral y la sana convivencia de las familias neolaredenses, generando m\u00e1s oportunidades para que las nuevas generaciones crezcan activas y juntas lo hagan posible.<\/p>\n","protected":false},"excerpt":{"rendered":"<p>NUEVO LAREDO.- Con el objetivo de seguir promoviendo la activaci\u00f3n f\u00edsica, la sana convivencia y el desarrollo de<\/p>\n","protected":false},"author":1,"featured_media":8794,"comment_status":"closed","ping_status":"closed","sticky":false,"template":"","format":"standard","meta":{"_jetpack_newsletter_access":"","_jetpack_dont_email_post_to_subs":false,"_jetpack_newsletter_tier_id":0,"_jetpack_memberships_contains_paywalled_content":false,"_jetpack_feature_clip_id":0,"_jetpack_memberships_contains_paid_content":false,"footnotes":"","jetpack_publicize_message":"","jetpack_publicize_feature_enabled":true,"jetpack_social_post_already_shared":true,"jetpack_social_options":{"image_generator_settings":{"template":"highway","default_image_id":0,"font":"","enabled":false},"version":2},"jetpack_post_was_ever_published":false},"categories":[4],"tags":[],"class_list":["post-8793","post","type-post","status-publish","format-standard","has-post-thumbnail","hentry","category-los-dos-laredos"],"magazineBlocksPostFeaturedMedia":{"thumbnail":"https:\/\/pornuestrolaredo.com\/wp-content\/uploads\/2026\/09\/Stereo91-20260901-4-150x150.jpg","medium":"https:\/\/pornuestrolaredo.com\/wp-content\/uploads\/2026\/09\/Stereo91-20260901-4-300x200.jpg","medium_large":"https:\/\/pornuestrolaredo.com\/wp-content\/uploads\/2026\/09\/Stereo91-20260901-4.jpg","large":"https:\/\/pornuestrolaredo.com\/wp-content\/uploads\/2026\/09\/Stereo91-20260901-4.jpg","1536x1536":"https:\/\/pornuestrolaredo.com\/wp-content\/uploads\/2026\/09\/Stereo91-20260901-4.jpg","2048x2048":"https:\/\/pornuestrolaredo.com\/wp-content\/uploads\/2026\/09\/Stereo91-20260901-4.jpg","morenews-large":"https:\/\/pornuestrolaredo.com\/wp-content\/uploads\/2026\/09\/Stereo91-20260901-4.jpg","morenews-medium":"https:\/\/pornuestrolaredo.com\/wp-content\/uploads\/2026\/09\/Stereo91-20260901-4-590x410.jpg"},"magazineBlocksPostAuthor":{"name":"Redactor","avatar":"https:\/\/pornuestrolaredo.com\/wp-content\/litespeed\/avatar\/dca1d7ec750c399f025f23b0b314f4cf.jpg?ver=1787917656"},"magazineBlocksPostCommentsNumber":false,"magazineBlocksPostExcerpt":"NUEVO LAREDO.- Con el objetivo de seguir promoviendo la activaci\u00f3n f\u00edsica, la sana convivencia y el desarrollo de","magazineBlocksPostCategories":["Dos Laredos"],"magazineBlocksPostViewCount":46,"magazineBlocksPostReadTime":2,"magazine_blocks_featured_image_url":{"full":["https:\/\/pornuestrolaredo.com\/wp-content\/uploads\/2026\/09\/Stereo91-20260901-4.jpg",720,481,false],"medium":["https:\/\/pornuestrolaredo.com\/wp-content\/uploads\/2026\/09\/Stereo91-20260901-4-300x200.jpg",300,200,true],"thumbnail":["https:\/\/pornuestrolaredo.com\/wp-content\/uploads\/2026\/09\/Stereo91-20260901-4-150x150.jpg",150,150,true]},"magazine_blocks_author":{"display_name":"Redactor","author_link":"https:\/\/pornuestrolaredo.com\/?author=1"},"magazine_blocks_comment":0,"magazine_blocks_author_image":"https:\/\/pornuestrolaredo.com\/wp-content\/litespeed\/avatar\/dca1d7ec750c399f025f23b0b314f4cf.jpg?ver=1787917656","magazine_blocks_category":"<a href=\"#\" class=\"category-link category-link-4\">Dos Laredos<\/a>","videoUrl":"","jetpack_publicize_connections":[],"featured_image_urls":{"full":["https:\/\/pornuestrolaredo.com\/wp-content\/uploads\/2026\/09\/Stereo91-20260901-4.jpg",720,481,false],"thumbnail":["https:\/\/pornuestrolaredo.com\/wp-content\/uploads\/2026\/09\/Stereo91-20260901-4-150x150.jpg",150,150,true],"medium":["https:\/\/pornuestrolaredo.com\/wp-content\/uploads\/2026\/09\/Stereo91-20260901-4-300x200.jpg",300,200,true],"medium_large":["https:\/\/pornuestrolaredo.com\/wp-content\/uploads\/2026\/09\/Stereo91-20260901-4.jpg",640,428,false],"large":["https:\/\/pornuestrolaredo.com\/wp-content\/uploads\/2026\/09\/Stereo91-20260901-4.jpg",640,428,false],"1536x1536":["https:\/\/pornuestrolaredo.com\/wp-content\/uploads\/2026\/09\/Stereo91-20260901-4.jpg",720,481,false],"2048x2048":["https:\/\/pornuestrolaredo.com\/wp-content\/uploads\/2026\/09\/Stereo91-20260901-4.jpg",720,481,false],"morenews-large":["https:\/\/pornuestrolaredo.com\/wp-content\/uploads\/2026\/09\/Stereo91-20260901-4.jpg",720,481,false],"morenews-medium":["https:\/\/pornuestrolaredo.com\/wp-content\/uploads\/2026\/09\/Stereo91-20260901-4-590x410.jpg",590,410,true]},"author_info":{"info":["Redactor"]},"category_info":"<a href=\"https:\/\/pornuestrolaredo.com\/?cat=4\" rel=\"category\">Dos Laredos<\/a>","tag_info":"Dos Laredos","comment_count":"0","jetpack_sharing_enabled":true,"jetpack_featured_media_url":"https:\/\/pornuestrolaredo.com\/wp-content\/uploads\/2026\/09\/Stereo91-20260901-4.jpg","_links":{"self":[{"href":"https:\/\/pornuestrolaredo.com\/index.php?rest_route=\/wp\/v2\/posts\/8793","targetHints":{"allow":["GET"]}}],"collection":[{"href":"https:\/\/pornuestrolaredo.com\/index.php?rest_route=\/wp\/v2\/posts"}],"about":[{"href":"https:\/\/pornuestrolaredo.com\/index.php?rest_route=\/wp\/v2\/types\/post"}],"author":[{"embeddable":true,"href":"https:\/\/pornuestrolaredo.com\/index.php?rest_route=\/wp\/v2\/users\/1"}],"replies":[{"embeddable":true,"href":"https:\/\/pornuestrolaredo.com\/index.php?rest_route=%2Fwp%2Fv2%2Fcomments&post=8793"}],"version-history":[{"count":1,"href":"https:\/\/pornuestrolaredo.com\/index.php?rest_route=\/wp\/v2\/posts\/8793\/revisions"}],"predecessor-version":[{"id":8795,"href":"https:\/\/pornuestrolaredo.com\/index.php?rest_route=\/wp\/v2\/posts\/8793\/revisions\/8795"}],"wp:featuredmedia":[{"embeddable":true,"href":"https:\/\/pornuestrolaredo.com\/index.php?rest_route=\/wp\/v2\/media\/8794"}],"wp:attachment":[{"href":"https:\/\/pornuestrolaredo.com\/index.php?rest_route=%2Fwp%2Fv2%2Fmedia&parent=8793"}],"wp:term":[{"taxonomy":"category","embeddable":true,"href":"https:\/\/pornuestrolaredo.com\/index.php?rest_route=%2Fwp%2Fv2%2Fcategories&post=8793"},{"taxonomy":"post_tag","embeddable":true,"href":"https:\/\/pornuestrolaredo.com\/index.php?rest_route=%2Fwp%2Fv2%2Ftags&post=8793"}],"curies":[{"name":"wp","href":"https:\/\/api.w.org\/{rel}","templated":true}]}}