{"id":8796,"date":"2026-09-03T13:27:28","date_gmt":"2026-09-03T18:27:28","guid":{"rendered":"https:\/\/pornuestrolaredo.com\/?p=8796"},"modified":"2026-09-03T13:27:28","modified_gmt":"2026-09-03T18:27:28","slug":"se-agotan-las-monedas-con-el-rostro-de-trump","status":"publish","type":"post","link":"https:\/\/pornuestrolaredo.com\/?p=8796","title":{"rendered":"Se agotan las monedas con el rostro de Trump"},"content":{"rendered":"<p><strong>WASHINGTON.- <\/strong>La moneda de un d\u00f3lar con el rostro del presidente Donald Trump salieron a la venta el mi\u00e9rcoles por la ma\u00f1ana y por la tarde de ayer mismo, ya se hab\u00edan agotado, seg\u00fan la Casa de la Moneda de Estados Unidos.<\/p>\n<p>El dise\u00f1o de la moneda \u2014el rostro de Trump como \u201ccara\u201d y el Gran Sello de Estados Unidos como \u201ccruz\u201d\u2014 recibi\u00f3 este a\u00f1o el visto bueno de la Comisi\u00f3n de Bellas Artes, cuyos miembros fueron nombrados por Trump. En comentarios anteriores, el mandatario manifest\u00f3 que la idea de estampar su rostro en una moneda era \u201cmuy inusual\u201d, pero que se sent\u00eda \u201chonrado\u201d por ello.<\/p>\n<p>Un rollo de 25 monedas cuesta US$ 61, mientras que una bolsa de 100 monedas de Trump se vende por US$ 154.50, seg\u00fan la Casa de la Moneda de Estados Unidos.<\/p>\n<blockquote><p>Este art\u00edculo puede pedirse ahora, pero actualmente no est\u00e1 disponible. Se est\u00e1 produciendo inventario adicional\u201d, indicaba el sitio web de la Casa de la Moneda sobre el rollo de 25 monedas poco despu\u00e9s de las 3 de la tarde. La bolsa de 100 monedas figuraba como no disponible.<\/p><\/blockquote>\n<p>Las monedas, que pueden usarse como moneda de curso legal, suscitaron algunas cr\u00edticas, en particular porque una ley federal proh\u00edbe la representaci\u00f3n de un presidente vivo en monedas. Pero, en algunas circunstancias, el secretario del Tesoro s\u00ed tiene autoridad para autorizar la acu\u00f1aci\u00f3n y emisi\u00f3n de monedas especiales.<\/p>\n<p>Las monedas se acu\u00f1aron para \u201chonrar 250 a\u00f1os del gran legado estadounidense\u201d, escribi\u00f3 la Casa de la Moneda en su sitio web. En un arco sobre el rostro de Trump aparece \u201cLIBERTY\u201d, y debajo \u201c1776 &#8211; 2026\u201d. En el reverso est\u00e1 el Gran Sello de Estados Unidos, con el \u00e1guila calva sujetando flechas en una garra y una rama de olivo en la otra. En una cinta que sostiene en el pico aparece \u201cE PLURIBUS UNUM\u201d, en lat\u00edn \u201cde muchos, uno\u201d.<\/p>\n","protected":false},"excerpt":{"rendered":"<p>WASHINGTON.- La moneda de un d\u00f3lar con el rostro del presidente Donald Trump salieron a la venta el<\/p>\n","protected":false},"author":1,"featured_media":8797,"comment_status":"closed","ping_status":"closed","sticky":false,"template":"","format":"standard","meta":{"_jetpack_newsletter_access":"","_jetpack_dont_email_post_to_subs":false,"_jetpack_newsletter_tier_id":0,"_jetpack_memberships_contains_paywalled_content":false,"_jetpack_feature_clip_id":0,"_jetpack_memberships_contains_paid_content":false,"footnotes":"","jetpack_publicize_message":"","jetpack_publicize_feature_enabled":true,"jetpack_social_post_already_shared":true,"jetpack_social_options":{"image_generator_settings":{"template":"highway","default_image_id":0,"font":"","enabled":false},"version":2},"jetpack_post_was_ever_published":false},"categories":[9],"tags":[],"class_list":["post-8796","post","type-post","status-publish","format-standard","has-post-thumbnail","hentry","category-el-mundo"],"magazineBlocksPostFeaturedMedia":{"thumbnail":"https:\/\/pornuestrolaredo.com\/wp-content\/uploads\/2026\/09\/Stereo91-20260903-1-150x150.jpg","medium":"https:\/\/pornuestrolaredo.com\/wp-content\/uploads\/2026\/09\/Stereo91-20260903-1-300x169.jpg","medium_large":"https:\/\/pornuestrolaredo.com\/wp-content\/uploads\/2026\/09\/Stereo91-20260903-1.jpg","large":"https:\/\/pornuestrolaredo.com\/wp-content\/uploads\/2026\/09\/Stereo91-20260903-1.jpg","1536x1536":"https:\/\/pornuestrolaredo.com\/wp-content\/uploads\/2026\/09\/Stereo91-20260903-1.jpg","2048x2048":"https:\/\/pornuestrolaredo.com\/wp-content\/uploads\/2026\/09\/Stereo91-20260903-1.jpg","morenews-large":"https:\/\/pornuestrolaredo.com\/wp-content\/uploads\/2026\/09\/Stereo91-20260903-1.jpg","morenews-medium":"https:\/\/pornuestrolaredo.com\/wp-content\/uploads\/2026\/09\/Stereo91-20260903-1-590x405.jpg"},"magazineBlocksPostAuthor":{"name":"Redactor","avatar":"https:\/\/pornuestrolaredo.com\/wp-content\/litespeed\/avatar\/dca1d7ec750c399f025f23b0b314f4cf.jpg?ver=1787917656"},"magazineBlocksPostCommentsNumber":false,"magazineBlocksPostExcerpt":"WASHINGTON.- La moneda de un d\u00f3lar con el rostro del presidente Donald Trump salieron a la venta el","magazineBlocksPostCategories":["El Mundo"],"magazineBlocksPostViewCount":32,"magazineBlocksPostReadTime":2,"magazine_blocks_featured_image_url":{"full":["https:\/\/pornuestrolaredo.com\/wp-content\/uploads\/2026\/09\/Stereo91-20260903-1.jpg",720,405,false],"medium":["https:\/\/pornuestrolaredo.com\/wp-content\/uploads\/2026\/09\/Stereo91-20260903-1-300x169.jpg",300,169,true],"thumbnail":["https:\/\/pornuestrolaredo.com\/wp-content\/uploads\/2026\/09\/Stereo91-20260903-1-150x150.jpg",150,150,true]},"magazine_blocks_author":{"display_name":"Redactor","author_link":"https:\/\/pornuestrolaredo.com\/?author=1"},"magazine_blocks_comment":0,"magazine_blocks_author_image":"https:\/\/pornuestrolaredo.com\/wp-content\/litespeed\/avatar\/dca1d7ec750c399f025f23b0b314f4cf.jpg?ver=1787917656","magazine_blocks_category":"<a href=\"#\" class=\"category-link category-link-9\">El Mundo<\/a>","videoUrl":"","jetpack_publicize_connections":[],"featured_image_urls":{"full":["https:\/\/pornuestrolaredo.com\/wp-content\/uploads\/2026\/09\/Stereo91-20260903-1.jpg",720,405,false],"thumbnail":["https:\/\/pornuestrolaredo.com\/wp-content\/uploads\/2026\/09\/Stereo91-20260903-1-150x150.jpg",150,150,true],"medium":["https:\/\/pornuestrolaredo.com\/wp-content\/uploads\/2026\/09\/Stereo91-20260903-1-300x169.jpg",300,169,true],"medium_large":["https:\/\/pornuestrolaredo.com\/wp-content\/uploads\/2026\/09\/Stereo91-20260903-1.jpg",640,360,false],"large":["https:\/\/pornuestrolaredo.com\/wp-content\/uploads\/2026\/09\/Stereo91-20260903-1.jpg",640,360,false],"1536x1536":["https:\/\/pornuestrolaredo.com\/wp-content\/uploads\/2026\/09\/Stereo91-20260903-1.jpg",720,405,false],"2048x2048":["https:\/\/pornuestrolaredo.com\/wp-content\/uploads\/2026\/09\/Stereo91-20260903-1.jpg",720,405,false],"morenews-large":["https:\/\/pornuestrolaredo.com\/wp-content\/uploads\/2026\/09\/Stereo91-20260903-1.jpg",720,405,false],"morenews-medium":["https:\/\/pornuestrolaredo.com\/wp-content\/uploads\/2026\/09\/Stereo91-20260903-1-590x405.jpg",590,405,true]},"author_info":{"info":["Redactor"]},"category_info":"<a href=\"https:\/\/pornuestrolaredo.com\/?cat=9\" rel=\"category\">El Mundo<\/a>","tag_info":"El Mundo","comment_count":"0","jetpack_sharing_enabled":true,"jetpack_featured_media_url":"https:\/\/pornuestrolaredo.com\/wp-content\/uploads\/2026\/09\/Stereo91-20260903-1.jpg","_links":{"self":[{"href":"https:\/\/pornuestrolaredo.com\/index.php?rest_route=\/wp\/v2\/posts\/8796","targetHints":{"allow":["GET"]}}],"collection":[{"href":"https:\/\/pornuestrolaredo.com\/index.php?rest_route=\/wp\/v2\/posts"}],"about":[{"href":"https:\/\/pornuestrolaredo.com\/index.php?rest_route=\/wp\/v2\/types\/post"}],"author":[{"embeddable":true,"href":"https:\/\/pornuestrolaredo.com\/index.php?rest_route=\/wp\/v2\/users\/1"}],"replies":[{"embeddable":true,"href":"https:\/\/pornuestrolaredo.com\/index.php?rest_route=%2Fwp%2Fv2%2Fcomments&post=8796"}],"version-history":[{"count":1,"href":"https:\/\/pornuestrolaredo.com\/index.php?rest_route=\/wp\/v2\/posts\/8796\/revisions"}],"predecessor-version":[{"id":8798,"href":"https:\/\/pornuestrolaredo.com\/index.php?rest_route=\/wp\/v2\/posts\/8796\/revisions\/8798"}],"wp:featuredmedia":[{"embeddable":true,"href":"https:\/\/pornuestrolaredo.com\/index.php?rest_route=\/wp\/v2\/media\/8797"}],"wp:attachment":[{"href":"https:\/\/pornuestrolaredo.com\/index.php?rest_route=%2Fwp%2Fv2%2Fmedia&parent=8796"}],"wp:term":[{"taxonomy":"category","embeddable":true,"href":"https:\/\/pornuestrolaredo.com\/index.php?rest_route=%2Fwp%2Fv2%2Fcategories&post=8796"},{"taxonomy":"post_tag","embeddable":true,"href":"https:\/\/pornuestrolaredo.com\/index.php?rest_route=%2Fwp%2Fv2%2Ftags&post=8796"}],"curies":[{"name":"wp","href":"https:\/\/api.w.org\/{rel}","templated":true}]}}