{"id":881,"date":"2022-11-08T19:41:15","date_gmt":"2022-11-08T19:41:15","guid":{"rendered":"https:\/\/pornuestrolaredo.com\/?p=881"},"modified":"2022-11-08T19:41:18","modified_gmt":"2022-11-08T19:41:18","slug":"listos-62-contingentes-para-desfile-de-la-revolucion","status":"publish","type":"post","link":"https:\/\/pornuestrolaredo.com\/?p=881","title":{"rendered":"Listos, 62 contingentes para Desfile de la Revoluci\u00f3n"},"content":{"rendered":"\n<p class=\"wp-block-paragraph\"><strong>NUEVO LAREDO.-<\/strong> El Gobierno Municipal anunci\u00f3 que este a\u00f1o se realizar\u00e1 nuevamente el desfile conmemorativo del 112 aniversario de la Revoluci\u00f3n Mexicana, el pr\u00f3ximo domingo 20 de noviembre a partir de las 8:00 de la ma\u00f1ana.<\/p>\n\n\n\n<p class=\"wp-block-paragraph\">La alcaldesa Carmen Lilia Canturosas inform\u00f3 que despu\u00e9s de dos a\u00f1os de no realizarse este tradicional desfile, debido a la pandemia por Covid-19, ya est\u00e1 todo listo para volver a vestir la calle Guerrero de folclor.<\/p>\n\n\n\n<blockquote class=\"wp-block-quote is-layout-flow wp-block-quote-is-layout-flow\">\n<p class=\"wp-block-paragraph\">Ya tenemos todo listo para que escuelas, organismos y otras instituciones participen para celebrar un aniversario m\u00e1s de esta gesta heroica\u201d, se\u00f1al\u00f3.<\/p>\n<\/blockquote>\n\n\n\n<p class=\"wp-block-paragraph\">La presidenta municipal asegur\u00f3 que esta actividad se llevar\u00e1 a cabo en coordinaci\u00f3n con diferentes instituciones educativas, as\u00ed como asociaciones, clubes y otras organizaciones no gubernamentales.<\/p>\n\n\n\n<p class=\"wp-block-paragraph\">Juan \u00c1ngel Mart\u00ednez Salazar secretario del Ayuntamiento dio a conocer algunos de los pormenores de este tradicional desfile revolucionario.<\/p>\n\n\n\n<blockquote class=\"wp-block-quote is-layout-flow wp-block-quote-is-layout-flow\">\n<p class=\"wp-block-paragraph\">Ya tenemos 62 contingentes registrados, con una proyecci\u00f3n de hasta 70 contingentes, se estima que participen alrededor de 4 mil 500 personas con tablas r\u00edtmicas, deportivas, bailables, bandas de guerra, escoltas, entre otras\u201d, detall\u00f3.<\/p>\n<\/blockquote>\n\n\n\n<p class=\"wp-block-paragraph\">Dijo que participar\u00e1n estudiantes desde preescolar hasta universidad de instituciones p\u00fablicas y privadas, adem\u00e1s de asociaciones de cabalgantes, charros y escaramuzas, clubes deportivos, clubes de veh\u00edculos y motociclistas, entre otras.<\/p>\n\n\n\n<p class=\"wp-block-paragraph\">Coment\u00f3 que tambi\u00e9n se contar\u00e1 con la participaci\u00f3n de la Direcci\u00f3n de Tr\u00e1nsito y Vialidad, Protecci\u00f3n Civil y Bomberos y los diferentes cuerpos de seguridad.<\/p>\n\n\n\n<blockquote class=\"wp-block-quote is-layout-flow wp-block-quote-is-layout-flow\">\n<p class=\"wp-block-paragraph\">Queremos que el evento tenga todas las medidas para salvaguardar la integridad de la poblaci\u00f3n y de las personas que nos visitan, justamente ya iniciamos las pl\u00e1ticas con todos ellos para organizar y tener una log\u00edstica adecuada para este importante evento en alusi\u00f3n a los 112 aniversario de la Revoluci\u00f3n Mexicana, agreg\u00f3 Mart\u00ednez Salazar. <\/p>\n<\/blockquote>\n\n\n\n<p class=\"wp-block-paragraph\">Por \u00faltimo, la alcaldesa asegur\u00f3 que Nuevo Laredo est\u00e1 recuperando su dinamismo, por lo que ahora las familias podr\u00e1n disfrutar de este desfile, un evento c\u00edvico con el que refrendamos nuestro patriotismo de una manera muy colorida y llenando las calles de la ciudad de mucho color y folclor.<\/p>\n","protected":false},"excerpt":{"rendered":"<p>NUEVO LAREDO.- El Gobierno Municipal anunci\u00f3 que este a\u00f1o se realizar\u00e1 nuevamente el desfile conmemorativo del 112 aniversario<\/p>\n","protected":false},"author":1,"featured_media":882,"comment_status":"open","ping_status":"open","sticky":false,"template":"","format":"standard","meta":{"_crdt_document":"","_jetpack_memberships_contains_paid_content":false,"footnotes":"","jetpack_publicize_message":"Nuevo Laredo conmemorar\u00e1 el 112 aniversario del movimiento nacional; se estima que participar\u00e1n unas 4 mil 500 personas","jetpack_publicize_feature_enabled":true,"jetpack_social_post_already_shared":true,"jetpack_social_options":{"image_generator_settings":{"template":"highway","default_image_id":0,"font":"","enabled":false},"version":2},"_wpas_customize_per_network":false},"categories":[4],"tags":[],"class_list":["post-881","post","type-post","status-publish","format-standard","has-post-thumbnail","hentry","category-los-dos-laredos"],"magazineBlocksPostFeaturedMedia":{"thumbnail":"https:\/\/pornuestrolaredo.com\/wp-content\/uploads\/2022\/11\/PNL-20221108-2-150x150.jpg","medium":"https:\/\/pornuestrolaredo.com\/wp-content\/uploads\/2022\/11\/PNL-20221108-2-300x200.jpg","medium_large":"https:\/\/pornuestrolaredo.com\/wp-content\/uploads\/2022\/11\/PNL-20221108-2-768x512.jpg","large":"https:\/\/pornuestrolaredo.com\/wp-content\/uploads\/2022\/11\/PNL-20221108-2-1024x682.jpg","1536x1536":"https:\/\/pornuestrolaredo.com\/wp-content\/uploads\/2022\/11\/PNL-20221108-2.jpg","2048x2048":"https:\/\/pornuestrolaredo.com\/wp-content\/uploads\/2022\/11\/PNL-20221108-2.jpg","morenews-large":"https:\/\/pornuestrolaredo.com\/wp-content\/uploads\/2022\/11\/PNL-20221108-2.jpg","morenews-medium":"https:\/\/pornuestrolaredo.com\/wp-content\/uploads\/2022\/11\/PNL-20221108-2.jpg"},"magazineBlocksPostAuthor":{"name":"Redactor","avatar":"https:\/\/pornuestrolaredo.com\/wp-content\/litespeed\/avatar\/dca1d7ec750c399f025f23b0b314f4cf.jpg?ver=1777612120"},"magazineBlocksPostCommentsNumber":false,"magazineBlocksPostExcerpt":"NUEVO LAREDO.- El Gobierno Municipal anunci\u00f3 que este a\u00f1o se realizar\u00e1 nuevamente el desfile conmemorativo del 112 aniversario","magazineBlocksPostCategories":["Los dos Laredos"],"magazineBlocksPostViewCount":138,"magazineBlocksPostReadTime":2,"magazine_blocks_featured_image_url":{"full":["https:\/\/pornuestrolaredo.com\/wp-content\/uploads\/2022\/11\/PNL-20221108-2.jpg",1280,853,false],"medium":["https:\/\/pornuestrolaredo.com\/wp-content\/uploads\/2022\/11\/PNL-20221108-2-300x200.jpg",300,200,true],"thumbnail":["https:\/\/pornuestrolaredo.com\/wp-content\/uploads\/2022\/11\/PNL-20221108-2-150x150.jpg",150,150,true]},"magazine_blocks_author":{"display_name":"Redactor","author_link":"https:\/\/pornuestrolaredo.com\/?author=1"},"magazine_blocks_comment":0,"magazine_blocks_author_image":"https:\/\/pornuestrolaredo.com\/wp-content\/litespeed\/avatar\/dca1d7ec750c399f025f23b0b314f4cf.jpg?ver=1777612120","magazine_blocks_category":"<a href=\"#\" class=\"category-link category-link-4\">Los dos Laredos<\/a>","jetpack_publicize_connections":[],"featured_image_urls":{"full":["https:\/\/pornuestrolaredo.com\/wp-content\/uploads\/2022\/11\/PNL-20221108-2.jpg",1280,853,false],"thumbnail":["https:\/\/pornuestrolaredo.com\/wp-content\/uploads\/2022\/11\/PNL-20221108-2-150x150.jpg",150,150,true],"medium":["https:\/\/pornuestrolaredo.com\/wp-content\/uploads\/2022\/11\/PNL-20221108-2-300x200.jpg",300,200,true],"medium_large":["https:\/\/pornuestrolaredo.com\/wp-content\/uploads\/2022\/11\/PNL-20221108-2-768x512.jpg",640,427,true],"large":["https:\/\/pornuestrolaredo.com\/wp-content\/uploads\/2022\/11\/PNL-20221108-2-1024x682.jpg",640,426,true],"1536x1536":["https:\/\/pornuestrolaredo.com\/wp-content\/uploads\/2022\/11\/PNL-20221108-2.jpg",1280,853,false],"2048x2048":["https:\/\/pornuestrolaredo.com\/wp-content\/uploads\/2022\/11\/PNL-20221108-2.jpg",1280,853,false],"morenews-large":["https:\/\/pornuestrolaredo.com\/wp-content\/uploads\/2022\/11\/PNL-20221108-2.jpg",825,550,false],"morenews-medium":["https:\/\/pornuestrolaredo.com\/wp-content\/uploads\/2022\/11\/PNL-20221108-2.jpg",590,393,false]},"author_info":{"info":["Redactor"]},"category_info":"<a href=\"https:\/\/pornuestrolaredo.com\/?cat=4\" rel=\"category\">Los dos Laredos<\/a>","tag_info":"Los dos Laredos","comment_count":"0","jetpack_featured_media_url":"https:\/\/pornuestrolaredo.com\/wp-content\/uploads\/2022\/11\/PNL-20221108-2.jpg","jetpack_sharing_enabled":true,"_links":{"self":[{"href":"https:\/\/pornuestrolaredo.com\/index.php?rest_route=\/wp\/v2\/posts\/881","targetHints":{"allow":["GET"]}}],"collection":[{"href":"https:\/\/pornuestrolaredo.com\/index.php?rest_route=\/wp\/v2\/posts"}],"about":[{"href":"https:\/\/pornuestrolaredo.com\/index.php?rest_route=\/wp\/v2\/types\/post"}],"author":[{"embeddable":true,"href":"https:\/\/pornuestrolaredo.com\/index.php?rest_route=\/wp\/v2\/users\/1"}],"replies":[{"embeddable":true,"href":"https:\/\/pornuestrolaredo.com\/index.php?rest_route=%2Fwp%2Fv2%2Fcomments&post=881"}],"version-history":[{"count":1,"href":"https:\/\/pornuestrolaredo.com\/index.php?rest_route=\/wp\/v2\/posts\/881\/revisions"}],"predecessor-version":[{"id":883,"href":"https:\/\/pornuestrolaredo.com\/index.php?rest_route=\/wp\/v2\/posts\/881\/revisions\/883"}],"wp:featuredmedia":[{"embeddable":true,"href":"https:\/\/pornuestrolaredo.com\/index.php?rest_route=\/wp\/v2\/media\/882"}],"wp:attachment":[{"href":"https:\/\/pornuestrolaredo.com\/index.php?rest_route=%2Fwp%2Fv2%2Fmedia&parent=881"}],"wp:term":[{"taxonomy":"category","embeddable":true,"href":"https:\/\/pornuestrolaredo.com\/index.php?rest_route=%2Fwp%2Fv2%2Fcategories&post=881"},{"taxonomy":"post_tag","embeddable":true,"href":"https:\/\/pornuestrolaredo.com\/index.php?rest_route=%2Fwp%2Fv2%2Ftags&post=881"}],"curies":[{"name":"wp","href":"https:\/\/api.w.org\/{rel}","templated":true}]}}