{"id":884,"date":"2022-11-08T19:48:37","date_gmt":"2022-11-08T19:48:37","guid":{"rendered":"https:\/\/pornuestrolaredo.com\/?p=884"},"modified":"2022-11-08T19:48:39","modified_gmt":"2022-11-08T19:48:39","slug":"plantan-mil-100-arboles-para-reforestar-plazas-y-parques","status":"publish","type":"post","link":"https:\/\/pornuestrolaredo.com\/?p=884","title":{"rendered":"Plantan mil 100 \u00e1rboles para reforestar plazas y parques"},"content":{"rendered":"\n<p class=\"wp-block-paragraph\"><strong><em>NUEVO LAREDO.-<\/em><\/strong> Con la finalidad de embellecer la ciudad y fortalecer las acciones de cuidado&nbsp; al medio ambiente, el Gobierno Municipal por medio de la Direcci\u00f3n de Parques y Jard\u00ednes, emplea un programa de reforestaci\u00f3n para plantar mil 100 encinos y fresnos en las diversas \u00e1reas recreativas de la ciudad.<\/p>\n\n\n\n<p class=\"wp-block-paragraph\">La meta del programa es sembrar esa cantidad de \u00e1rboles hasta diciembre y las principales zonas definidas para ello son: Parque Mendoza, Plaza Zaragoza y Plaza del Maestro.<\/p>\n\n\n\n<p class=\"wp-block-paragraph\">En el Parque Mendoza ya se han plantado cien \u00e1rboles y actualmente se analiza cu\u00e1les ser\u00e1n las siguiente locaciones para continuar con la reforestaci\u00f3n.<\/p>\n\n\n\n<p class=\"wp-block-paragraph\">El director de Parques y Jard\u00ednes municipales, Jos\u00e9 Valdemar Sandoval Ortega, explic\u00f3 que se seleccionaron los encinos y fresnos porque son \u00e1rboles adecuados a la regi\u00f3n y el clima de Nuevo Laredo.<\/p>\n\n\n\n<blockquote class=\"wp-block-quote is-layout-flow wp-block-quote-is-layout-flow\">\n<p class=\"wp-block-paragraph\">Las \u00e1reas verdes son protecciones naturales, el microclima que se genera ah\u00ed es muy agradable y por esta raz\u00f3n pedimos a la ciudadan\u00eda que nos apoye a cuidar el medio ambiente para que los nuevos \u00e1rboles&nbsp; crezcan sanamente y podamos disfrutar sus beneficios\u201d, recalc\u00f3.<\/p>\n<\/blockquote>\n\n\n\n<p class=\"wp-block-paragraph\">Con esa misma iniciativa, el funcionario coment\u00f3 que mediante el apoyo de los vecinos en la colonia Lomas del R\u00edo, se plantaron 50 \u00e1rboles para reforestar ese sector. Otros beneficios que conlleva la reforestaci\u00f3n son: aumentar la disponibilidad de agua, previene la erosi\u00f3n del suelo, refuerza barreras forestales, regula el clima y conserva la biodiversidad.<\/p>\n","protected":false},"excerpt":{"rendered":"<p>NUEVO LAREDO.- Con la finalidad de embellecer la ciudad y fortalecer las acciones de cuidado&nbsp; al medio ambiente,<\/p>\n","protected":false},"author":1,"featured_media":885,"comment_status":"open","ping_status":"open","sticky":false,"template":"","format":"standard","meta":{"_crdt_document":"","_jetpack_memberships_contains_paid_content":false,"footnotes":"","jetpack_publicize_message":"Busca el Gobierno Municipal fortalecer las acciones de cuidado al medio ambiente","jetpack_publicize_feature_enabled":true,"jetpack_social_post_already_shared":true,"jetpack_social_options":{"image_generator_settings":{"template":"highway","default_image_id":0,"font":"","enabled":false},"version":2},"_wpas_customize_per_network":false},"categories":[5],"tags":[],"class_list":["post-884","post","type-post","status-publish","format-standard","has-post-thumbnail","hentry","category-dos-laredos"],"magazineBlocksPostFeaturedMedia":{"thumbnail":"https:\/\/pornuestrolaredo.com\/wp-content\/uploads\/2022\/11\/PNL-20221108-3-150x150.jpg","medium":"https:\/\/pornuestrolaredo.com\/wp-content\/uploads\/2022\/11\/PNL-20221108-3-300x200.jpg","medium_large":"https:\/\/pornuestrolaredo.com\/wp-content\/uploads\/2022\/11\/PNL-20221108-3-768x512.jpg","large":"https:\/\/pornuestrolaredo.com\/wp-content\/uploads\/2022\/11\/PNL-20221108-3-1024x682.jpg","1536x1536":"https:\/\/pornuestrolaredo.com\/wp-content\/uploads\/2022\/11\/PNL-20221108-3.jpg","2048x2048":"https:\/\/pornuestrolaredo.com\/wp-content\/uploads\/2022\/11\/PNL-20221108-3.jpg","morenews-large":"https:\/\/pornuestrolaredo.com\/wp-content\/uploads\/2022\/11\/PNL-20221108-3.jpg","morenews-medium":"https:\/\/pornuestrolaredo.com\/wp-content\/uploads\/2022\/11\/PNL-20221108-3.jpg"},"magazineBlocksPostAuthor":{"name":"Redactor","avatar":"https:\/\/pornuestrolaredo.com\/wp-content\/litespeed\/avatar\/dca1d7ec750c399f025f23b0b314f4cf.jpg?ver=1777612120"},"magazineBlocksPostCommentsNumber":false,"magazineBlocksPostExcerpt":"NUEVO LAREDO.- Con la finalidad de embellecer la ciudad y fortalecer las acciones de cuidado&nbsp; al medio ambiente,","magazineBlocksPostCategories":["Dos Laredos"],"magazineBlocksPostViewCount":117,"magazineBlocksPostReadTime":2,"magazine_blocks_featured_image_url":{"full":["https:\/\/pornuestrolaredo.com\/wp-content\/uploads\/2022\/11\/PNL-20221108-3.jpg",1280,853,false],"medium":["https:\/\/pornuestrolaredo.com\/wp-content\/uploads\/2022\/11\/PNL-20221108-3-300x200.jpg",300,200,true],"thumbnail":["https:\/\/pornuestrolaredo.com\/wp-content\/uploads\/2022\/11\/PNL-20221108-3-150x150.jpg",150,150,true]},"magazine_blocks_author":{"display_name":"Redactor","author_link":"https:\/\/pornuestrolaredo.com\/?author=1"},"magazine_blocks_comment":0,"magazine_blocks_author_image":"https:\/\/pornuestrolaredo.com\/wp-content\/litespeed\/avatar\/dca1d7ec750c399f025f23b0b314f4cf.jpg?ver=1777612120","magazine_blocks_category":"<a href=\"#\" class=\"category-link category-link-5\">Dos Laredos<\/a>","jetpack_publicize_connections":[],"featured_image_urls":{"full":["https:\/\/pornuestrolaredo.com\/wp-content\/uploads\/2022\/11\/PNL-20221108-3.jpg",1280,853,false],"thumbnail":["https:\/\/pornuestrolaredo.com\/wp-content\/uploads\/2022\/11\/PNL-20221108-3-150x150.jpg",150,150,true],"medium":["https:\/\/pornuestrolaredo.com\/wp-content\/uploads\/2022\/11\/PNL-20221108-3-300x200.jpg",300,200,true],"medium_large":["https:\/\/pornuestrolaredo.com\/wp-content\/uploads\/2022\/11\/PNL-20221108-3-768x512.jpg",640,427,true],"large":["https:\/\/pornuestrolaredo.com\/wp-content\/uploads\/2022\/11\/PNL-20221108-3-1024x682.jpg",640,426,true],"1536x1536":["https:\/\/pornuestrolaredo.com\/wp-content\/uploads\/2022\/11\/PNL-20221108-3.jpg",1280,853,false],"2048x2048":["https:\/\/pornuestrolaredo.com\/wp-content\/uploads\/2022\/11\/PNL-20221108-3.jpg",1280,853,false],"morenews-large":["https:\/\/pornuestrolaredo.com\/wp-content\/uploads\/2022\/11\/PNL-20221108-3.jpg",825,550,false],"morenews-medium":["https:\/\/pornuestrolaredo.com\/wp-content\/uploads\/2022\/11\/PNL-20221108-3.jpg",590,393,false]},"author_info":{"info":["Redactor"]},"category_info":"<a href=\"https:\/\/pornuestrolaredo.com\/?cat=5\" rel=\"category\">Dos Laredos<\/a>","tag_info":"Dos Laredos","comment_count":"0","jetpack_featured_media_url":"https:\/\/pornuestrolaredo.com\/wp-content\/uploads\/2022\/11\/PNL-20221108-3.jpg","jetpack_sharing_enabled":true,"_links":{"self":[{"href":"https:\/\/pornuestrolaredo.com\/index.php?rest_route=\/wp\/v2\/posts\/884","targetHints":{"allow":["GET"]}}],"collection":[{"href":"https:\/\/pornuestrolaredo.com\/index.php?rest_route=\/wp\/v2\/posts"}],"about":[{"href":"https:\/\/pornuestrolaredo.com\/index.php?rest_route=\/wp\/v2\/types\/post"}],"author":[{"embeddable":true,"href":"https:\/\/pornuestrolaredo.com\/index.php?rest_route=\/wp\/v2\/users\/1"}],"replies":[{"embeddable":true,"href":"https:\/\/pornuestrolaredo.com\/index.php?rest_route=%2Fwp%2Fv2%2Fcomments&post=884"}],"version-history":[{"count":1,"href":"https:\/\/pornuestrolaredo.com\/index.php?rest_route=\/wp\/v2\/posts\/884\/revisions"}],"predecessor-version":[{"id":886,"href":"https:\/\/pornuestrolaredo.com\/index.php?rest_route=\/wp\/v2\/posts\/884\/revisions\/886"}],"wp:featuredmedia":[{"embeddable":true,"href":"https:\/\/pornuestrolaredo.com\/index.php?rest_route=\/wp\/v2\/media\/885"}],"wp:attachment":[{"href":"https:\/\/pornuestrolaredo.com\/index.php?rest_route=%2Fwp%2Fv2%2Fmedia&parent=884"}],"wp:term":[{"taxonomy":"category","embeddable":true,"href":"https:\/\/pornuestrolaredo.com\/index.php?rest_route=%2Fwp%2Fv2%2Fcategories&post=884"},{"taxonomy":"post_tag","embeddable":true,"href":"https:\/\/pornuestrolaredo.com\/index.php?rest_route=%2Fwp%2Fv2%2Ftags&post=884"}],"curies":[{"name":"wp","href":"https:\/\/api.w.org\/{rel}","templated":true}]}}