{"id":890,"date":"2022-11-08T20:53:09","date_gmt":"2022-11-08T20:53:09","guid":{"rendered":"https:\/\/pornuestrolaredo.com\/?p=890"},"modified":"2022-11-08T20:53:11","modified_gmt":"2022-11-08T20:53:11","slug":"tendra-nld-4-mil-millones-de-pesos-de-presupuesto","status":"publish","type":"post","link":"https:\/\/pornuestrolaredo.com\/?p=890","title":{"rendered":"Tendr\u00e1 NLD 4 mil millones de pesos de presupuesto"},"content":{"rendered":"\n<p class=\"wp-block-paragraph\"><strong><em>NUEVO LAREDO.- <\/em><\/strong>El Cabildo aprob\u00f3 el proyecto de la Ley de Ingresos para el ejercicio fiscal 2023 con un monto total de 4 mil 25 millones 21 mil 998 pesos, lo que representa un aumento del 20 por ciento en relaci\u00f3n a lo presupuestado en el 2022.<\/p>\n\n\n\n<p class=\"wp-block-paragraph\">La alcaldesa Carmen Lilia Canturosas Villarreal, explic\u00f3 que este proyecto fue debidamente analizado, result\u00f3 equilibrado y est\u00e1 apegado a las necesidades de Nuevo Laredo.<\/p>\n\n\n\n<blockquote class=\"wp-block-quote is-layout-flow wp-block-quote-is-layout-flow\">\n<p class=\"wp-block-paragraph\">Ejerceremos eficientemente esta estimaci\u00f3n para transformar la ciudad y mejorar la calidad de vida de la poblaci\u00f3n, es un presupuesto que aprovecharemos para brindar bienestar a la ciudadan\u00eda\u201d, indic\u00f3.<\/p>\n<\/blockquote>\n\n\n\n<p class=\"wp-block-paragraph\">La presidenta municipal dijo que este presupuesto hist\u00f3rico se fortalecer\u00e1 con los programas y proyectos que el gobernador Am\u00e9rico Villarreal Anaya traer\u00e1 a Nuevo Laredo en el 2023.<\/p>\n\n\n\n<p class=\"wp-block-paragraph\">La relaci\u00f3n del presupuesto se desglosa de la siguiente manera:<\/p>\n\n\n\n<ul class=\"wp-block-list\">\n<li>A impuestos corresponden 200 millones 809 mil 670 pesos<\/li>\n\n\n\n<li>A derechos van 59 millones 474&nbsp; mil 842 pesos<\/li>\n\n\n\n<li>En productos son un mill\u00f3n 300 mil 312 pesos<\/li>\n\n\n\n<li>Para aprovechamientos van 32&nbsp; millones 189 mil 251 pesos<\/li>\n\n\n\n<li>En participaciones corresponden 3 mil 731 millones 247 mil 922 pesos<\/li>\n<\/ul>\n\n\n\n<p class=\"wp-block-paragraph\">La s\u00edndica Imelda Mang\u00edn Torre, presidenta de la Comisi\u00f3n de Presupuesto y Cuenta P\u00fablica, expuso que estos ingresos se consideran metas para el manejo responsable y transparente de las finanzas p\u00fablicas municipales debido a que la ciudadan\u00eda demanda la prestaci\u00f3n de mejores servicios.<\/p>\n\n\n\n<blockquote class=\"wp-block-quote is-layout-flow wp-block-quote-is-layout-flow\">\n<p class=\"wp-block-paragraph\">Para conseguir los resultados que esperan los neolaredenses, implementaremos programas eficientes que permitan la optimizaci\u00f3n de los recursos y eleven la calidad de los servicios en forma pronta y oportuna\u201d, asegur\u00f3.<\/p>\n<\/blockquote>\n","protected":false},"excerpt":{"rendered":"<p>NUEVO LAREDO.- El Cabildo aprob\u00f3 el proyecto de la Ley de Ingresos para el ejercicio fiscal 2023 con<\/p>\n","protected":false},"author":1,"featured_media":891,"comment_status":"open","ping_status":"open","sticky":false,"template":"","format":"standard","meta":{"_crdt_document":"","_jetpack_memberships_contains_paid_content":false,"footnotes":"","jetpack_publicize_message":"Aprueba Cabildo Ley de Ingresos para el ejercicio fiscal del 2023, que ser\u00e1 20% mayor al a\u00f1o anterior","jetpack_publicize_feature_enabled":true,"jetpack_social_post_already_shared":true,"jetpack_social_options":{"image_generator_settings":{"template":"highway","default_image_id":0,"font":"","enabled":false},"version":2},"_wpas_customize_per_network":false},"categories":[4],"tags":[],"class_list":["post-890","post","type-post","status-publish","format-standard","has-post-thumbnail","hentry","category-los-dos-laredos"],"magazineBlocksPostFeaturedMedia":{"thumbnail":"https:\/\/pornuestrolaredo.com\/wp-content\/uploads\/2022\/11\/PNL-20221108-6-150x150.jpg","medium":"https:\/\/pornuestrolaredo.com\/wp-content\/uploads\/2022\/11\/PNL-20221108-6-300x200.jpg","medium_large":"https:\/\/pornuestrolaredo.com\/wp-content\/uploads\/2022\/11\/PNL-20221108-6-768x512.jpg","large":"https:\/\/pornuestrolaredo.com\/wp-content\/uploads\/2022\/11\/PNL-20221108-6-1024x682.jpg","1536x1536":"https:\/\/pornuestrolaredo.com\/wp-content\/uploads\/2022\/11\/PNL-20221108-6.jpg","2048x2048":"https:\/\/pornuestrolaredo.com\/wp-content\/uploads\/2022\/11\/PNL-20221108-6.jpg","morenews-large":"https:\/\/pornuestrolaredo.com\/wp-content\/uploads\/2022\/11\/PNL-20221108-6.jpg","morenews-medium":"https:\/\/pornuestrolaredo.com\/wp-content\/uploads\/2022\/11\/PNL-20221108-6.jpg"},"magazineBlocksPostAuthor":{"name":"Redactor","avatar":"https:\/\/pornuestrolaredo.com\/wp-content\/litespeed\/avatar\/dca1d7ec750c399f025f23b0b314f4cf.jpg?ver=1777612120"},"magazineBlocksPostCommentsNumber":false,"magazineBlocksPostExcerpt":"NUEVO LAREDO.- El Cabildo aprob\u00f3 el proyecto de la Ley de Ingresos para el ejercicio fiscal 2023 con","magazineBlocksPostCategories":["Los dos Laredos"],"magazineBlocksPostViewCount":118,"magazineBlocksPostReadTime":2,"magazine_blocks_featured_image_url":{"full":["https:\/\/pornuestrolaredo.com\/wp-content\/uploads\/2022\/11\/PNL-20221108-6.jpg",1280,853,false],"medium":["https:\/\/pornuestrolaredo.com\/wp-content\/uploads\/2022\/11\/PNL-20221108-6-300x200.jpg",300,200,true],"thumbnail":["https:\/\/pornuestrolaredo.com\/wp-content\/uploads\/2022\/11\/PNL-20221108-6-150x150.jpg",150,150,true]},"magazine_blocks_author":{"display_name":"Redactor","author_link":"https:\/\/pornuestrolaredo.com\/?author=1"},"magazine_blocks_comment":0,"magazine_blocks_author_image":"https:\/\/pornuestrolaredo.com\/wp-content\/litespeed\/avatar\/dca1d7ec750c399f025f23b0b314f4cf.jpg?ver=1777612120","magazine_blocks_category":"<a href=\"#\" class=\"category-link category-link-4\">Los dos Laredos<\/a>","jetpack_publicize_connections":[],"featured_image_urls":{"full":["https:\/\/pornuestrolaredo.com\/wp-content\/uploads\/2022\/11\/PNL-20221108-6.jpg",1280,853,false],"thumbnail":["https:\/\/pornuestrolaredo.com\/wp-content\/uploads\/2022\/11\/PNL-20221108-6-150x150.jpg",150,150,true],"medium":["https:\/\/pornuestrolaredo.com\/wp-content\/uploads\/2022\/11\/PNL-20221108-6-300x200.jpg",300,200,true],"medium_large":["https:\/\/pornuestrolaredo.com\/wp-content\/uploads\/2022\/11\/PNL-20221108-6-768x512.jpg",640,427,true],"large":["https:\/\/pornuestrolaredo.com\/wp-content\/uploads\/2022\/11\/PNL-20221108-6-1024x682.jpg",640,426,true],"1536x1536":["https:\/\/pornuestrolaredo.com\/wp-content\/uploads\/2022\/11\/PNL-20221108-6.jpg",1280,853,false],"2048x2048":["https:\/\/pornuestrolaredo.com\/wp-content\/uploads\/2022\/11\/PNL-20221108-6.jpg",1280,853,false],"morenews-large":["https:\/\/pornuestrolaredo.com\/wp-content\/uploads\/2022\/11\/PNL-20221108-6.jpg",825,550,false],"morenews-medium":["https:\/\/pornuestrolaredo.com\/wp-content\/uploads\/2022\/11\/PNL-20221108-6.jpg",590,393,false]},"author_info":{"info":["Redactor"]},"category_info":"<a href=\"https:\/\/pornuestrolaredo.com\/?cat=4\" rel=\"category\">Los dos Laredos<\/a>","tag_info":"Los dos Laredos","comment_count":"0","jetpack_featured_media_url":"https:\/\/pornuestrolaredo.com\/wp-content\/uploads\/2022\/11\/PNL-20221108-6.jpg","jetpack_sharing_enabled":true,"_links":{"self":[{"href":"https:\/\/pornuestrolaredo.com\/index.php?rest_route=\/wp\/v2\/posts\/890","targetHints":{"allow":["GET"]}}],"collection":[{"href":"https:\/\/pornuestrolaredo.com\/index.php?rest_route=\/wp\/v2\/posts"}],"about":[{"href":"https:\/\/pornuestrolaredo.com\/index.php?rest_route=\/wp\/v2\/types\/post"}],"author":[{"embeddable":true,"href":"https:\/\/pornuestrolaredo.com\/index.php?rest_route=\/wp\/v2\/users\/1"}],"replies":[{"embeddable":true,"href":"https:\/\/pornuestrolaredo.com\/index.php?rest_route=%2Fwp%2Fv2%2Fcomments&post=890"}],"version-history":[{"count":1,"href":"https:\/\/pornuestrolaredo.com\/index.php?rest_route=\/wp\/v2\/posts\/890\/revisions"}],"predecessor-version":[{"id":892,"href":"https:\/\/pornuestrolaredo.com\/index.php?rest_route=\/wp\/v2\/posts\/890\/revisions\/892"}],"wp:featuredmedia":[{"embeddable":true,"href":"https:\/\/pornuestrolaredo.com\/index.php?rest_route=\/wp\/v2\/media\/891"}],"wp:attachment":[{"href":"https:\/\/pornuestrolaredo.com\/index.php?rest_route=%2Fwp%2Fv2%2Fmedia&parent=890"}],"wp:term":[{"taxonomy":"category","embeddable":true,"href":"https:\/\/pornuestrolaredo.com\/index.php?rest_route=%2Fwp%2Fv2%2Fcategories&post=890"},{"taxonomy":"post_tag","embeddable":true,"href":"https:\/\/pornuestrolaredo.com\/index.php?rest_route=%2Fwp%2Fv2%2Ftags&post=890"}],"curies":[{"name":"wp","href":"https:\/\/api.w.org\/{rel}","templated":true}]}}