{"id":919,"date":"2022-11-10T23:35:12","date_gmt":"2022-11-10T23:35:12","guid":{"rendered":"https:\/\/pornuestrolaredo.com\/?p=919"},"modified":"2022-11-10T23:35:13","modified_gmt":"2022-11-10T23:35:13","slug":"protegen-la-salud-de-los-abuelitos","status":"publish","type":"post","link":"https:\/\/pornuestrolaredo.com\/?p=919","title":{"rendered":"Protegen la salud de los abuelitos"},"content":{"rendered":"<p>NUEVO LAREDO.- Ante la llegada de la pr\u00f3xima  temporada invernal y teniendo como prioridad proteger la salud de los adultos mayores, el Sistema para el Desarrollo Integral de la Familia (DIF) de Nuevo Laredo en coordinaci\u00f3n con la Jurisdicci\u00f3n Sanitaria N\u00famero Cinco del Gobierno de Tamaulipas realizaron una jornada de vacunaci\u00f3n en el Asilo \u201cVida y Esperanza\u201d y en la Casa Club del Adulto Activo.<br \/>\nEl jefe de la Jurisdicci\u00f3n, el doctor Manlio Fabio Benavides Gonz\u00e1lez, mencion\u00f3 que esta es la primera jornada  que se realiza  en coordinaci\u00f3n con el Sistema DIF de Nuevo Laredo y es posible gracias a la buena relaci\u00f3n que existe ahora entre el Gobierno del Estado y Municipio.<br \/>\n\u201cEsta es la primera vez que se realiza esta jornada de vacunaci\u00f3n en coordinaci\u00f3n en esta presente administraci\u00f3n con la presidenta municipal Carmen Lilia Canturosas y con nuestro gobernador el doctor Am\u00e9rico Villarreal Anaya, estamos muy contentos con los resultados y seguiremos trabajando en conjunto ya que es una orden directa del propio gobernador y de la alcaldesa\u201d dijo Benavides Gonz\u00e1lez<br \/>\nBenavides Gonz\u00e1lez agreg\u00f3 que durante esta jornada no se detect\u00f3 ning\u00fan caso de influenza entre los adultos mayores de los diferentes centros, pues adem\u00e1s de recibir las diferentes dosis se le ofreci\u00f3 una revisi\u00f3n  m\u00e9dica general.<br \/>\nLa presidenta del patronato del Sistema DIF, Claudette Canturosas Villarreal y el  director Jos\u00e9 Luis Pintado Gamboa, agradecieron por todas las atenciones brindadas y por tener la disposici\u00f3n de unir esfuerzos para seguir haciendo programas de beneficios para la  ciudadan\u00eda.<br \/>\n\u201cEstamos muy agradecidos y esperamos tener m\u00e1s brigadas de este tipo para continuar brindando estos beneficios que son tan importantes para la salud de la ciudadan\u00eda\u201d coment\u00f3 Pintado Gamboa.<br \/>\nLos abuelos del Asilo y Casa Club fueron inmunizados contra la influenza y neumon\u00eda para reforzar su sistema inmunol\u00f3gico y no contraigan alguna enfermedad respiratoria que son tan comunes con la presencia de las bajas temperaturas en la ciudad.<br \/>\nAdem\u00e1s, m\u00e9dicos ofrecieron consultas generales completamente gratuitas a las personas que lo necesitaban, dependiendo de la evaluaci\u00f3n m\u00e9dica les brindaban an\u00e1lisis de sangre, as\u00ed como electrocardiograma para tener un resultado de manera inmediata y procurar un buen estado de salud.<br \/>\nTambi\u00e9n se acercaron los servicios de  pruebas de presi\u00f3n y glucosa, consulta dental, surtido de  medicamentos por receta  m\u00e9dica, as\u00ed como las diferentes pruebas de frecuencia card\u00edaca, peso y medici\u00f3n de talla que fueron realizados por el personal de la Secretar\u00eda de Salud de Tamaulipas.<\/p>\n","protected":false},"excerpt":{"rendered":"<p>NUEVO LAREDO.- Ante la llegada de la pr\u00f3xima temporada invernal y teniendo como prioridad proteger la salud de<\/p>\n","protected":false},"author":1,"featured_media":920,"comment_status":"open","ping_status":"open","sticky":false,"template":"","format":"standard","meta":{"_crdt_document":"","_jetpack_memberships_contains_paid_content":false,"footnotes":"","jetpack_publicize_message":"Adultos mayores del Asilo y Casa Club son inmunizados contra la influenza y neumon\u00eda para reforzar su sistema inmunol\u00f3gico","jetpack_publicize_feature_enabled":true,"jetpack_social_post_already_shared":true,"jetpack_social_options":{"image_generator_settings":{"template":"highway","default_image_id":0,"font":"","enabled":false},"version":2},"_wpas_customize_per_network":false},"categories":[4],"tags":[],"class_list":["post-919","post","type-post","status-publish","format-standard","has-post-thumbnail","hentry","category-los-dos-laredos"],"magazineBlocksPostFeaturedMedia":{"thumbnail":"https:\/\/pornuestrolaredo.com\/wp-content\/uploads\/2022\/11\/Abuelos-150x150.jpg","medium":"https:\/\/pornuestrolaredo.com\/wp-content\/uploads\/2022\/11\/Abuelos-300x200.jpg","medium_large":"https:\/\/pornuestrolaredo.com\/wp-content\/uploads\/2022\/11\/Abuelos-768x512.jpg","large":"https:\/\/pornuestrolaredo.com\/wp-content\/uploads\/2022\/11\/Abuelos-1024x682.jpg","1536x1536":"https:\/\/pornuestrolaredo.com\/wp-content\/uploads\/2022\/11\/Abuelos.jpg","2048x2048":"https:\/\/pornuestrolaredo.com\/wp-content\/uploads\/2022\/11\/Abuelos.jpg","morenews-large":"https:\/\/pornuestrolaredo.com\/wp-content\/uploads\/2022\/11\/Abuelos.jpg","morenews-medium":"https:\/\/pornuestrolaredo.com\/wp-content\/uploads\/2022\/11\/Abuelos.jpg"},"magazineBlocksPostAuthor":{"name":"Redactor","avatar":"https:\/\/pornuestrolaredo.com\/wp-content\/litespeed\/avatar\/dca1d7ec750c399f025f23b0b314f4cf.jpg?ver=1777612120"},"magazineBlocksPostCommentsNumber":false,"magazineBlocksPostExcerpt":"NUEVO LAREDO.- Ante la llegada de la pr\u00f3xima temporada invernal y teniendo como prioridad proteger la salud de","magazineBlocksPostCategories":["Los dos Laredos"],"magazineBlocksPostViewCount":142,"magazineBlocksPostReadTime":3,"magazine_blocks_featured_image_url":{"full":["https:\/\/pornuestrolaredo.com\/wp-content\/uploads\/2022\/11\/Abuelos.jpg",1280,853,false],"medium":["https:\/\/pornuestrolaredo.com\/wp-content\/uploads\/2022\/11\/Abuelos-300x200.jpg",300,200,true],"thumbnail":["https:\/\/pornuestrolaredo.com\/wp-content\/uploads\/2022\/11\/Abuelos-150x150.jpg",150,150,true]},"magazine_blocks_author":{"display_name":"Redactor","author_link":"https:\/\/pornuestrolaredo.com\/?author=1"},"magazine_blocks_comment":0,"magazine_blocks_author_image":"https:\/\/pornuestrolaredo.com\/wp-content\/litespeed\/avatar\/dca1d7ec750c399f025f23b0b314f4cf.jpg?ver=1777612120","magazine_blocks_category":"<a href=\"#\" class=\"category-link category-link-4\">Los dos Laredos<\/a>","jetpack_publicize_connections":[],"featured_image_urls":{"full":["https:\/\/pornuestrolaredo.com\/wp-content\/uploads\/2022\/11\/Abuelos.jpg",1280,853,false],"thumbnail":["https:\/\/pornuestrolaredo.com\/wp-content\/uploads\/2022\/11\/Abuelos-150x150.jpg",150,150,true],"medium":["https:\/\/pornuestrolaredo.com\/wp-content\/uploads\/2022\/11\/Abuelos-300x200.jpg",300,200,true],"medium_large":["https:\/\/pornuestrolaredo.com\/wp-content\/uploads\/2022\/11\/Abuelos-768x512.jpg",640,427,true],"large":["https:\/\/pornuestrolaredo.com\/wp-content\/uploads\/2022\/11\/Abuelos-1024x682.jpg",640,426,true],"1536x1536":["https:\/\/pornuestrolaredo.com\/wp-content\/uploads\/2022\/11\/Abuelos.jpg",1280,853,false],"2048x2048":["https:\/\/pornuestrolaredo.com\/wp-content\/uploads\/2022\/11\/Abuelos.jpg",1280,853,false],"morenews-large":["https:\/\/pornuestrolaredo.com\/wp-content\/uploads\/2022\/11\/Abuelos.jpg",825,550,false],"morenews-medium":["https:\/\/pornuestrolaredo.com\/wp-content\/uploads\/2022\/11\/Abuelos.jpg",590,393,false]},"author_info":{"info":["Redactor"]},"category_info":"<a href=\"https:\/\/pornuestrolaredo.com\/?cat=4\" rel=\"category\">Los dos Laredos<\/a>","tag_info":"Los dos Laredos","comment_count":"0","jetpack_featured_media_url":"https:\/\/pornuestrolaredo.com\/wp-content\/uploads\/2022\/11\/Abuelos.jpg","jetpack_sharing_enabled":true,"_links":{"self":[{"href":"https:\/\/pornuestrolaredo.com\/index.php?rest_route=\/wp\/v2\/posts\/919","targetHints":{"allow":["GET"]}}],"collection":[{"href":"https:\/\/pornuestrolaredo.com\/index.php?rest_route=\/wp\/v2\/posts"}],"about":[{"href":"https:\/\/pornuestrolaredo.com\/index.php?rest_route=\/wp\/v2\/types\/post"}],"author":[{"embeddable":true,"href":"https:\/\/pornuestrolaredo.com\/index.php?rest_route=\/wp\/v2\/users\/1"}],"replies":[{"embeddable":true,"href":"https:\/\/pornuestrolaredo.com\/index.php?rest_route=%2Fwp%2Fv2%2Fcomments&post=919"}],"version-history":[{"count":1,"href":"https:\/\/pornuestrolaredo.com\/index.php?rest_route=\/wp\/v2\/posts\/919\/revisions"}],"predecessor-version":[{"id":921,"href":"https:\/\/pornuestrolaredo.com\/index.php?rest_route=\/wp\/v2\/posts\/919\/revisions\/921"}],"wp:featuredmedia":[{"embeddable":true,"href":"https:\/\/pornuestrolaredo.com\/index.php?rest_route=\/wp\/v2\/media\/920"}],"wp:attachment":[{"href":"https:\/\/pornuestrolaredo.com\/index.php?rest_route=%2Fwp%2Fv2%2Fmedia&parent=919"}],"wp:term":[{"taxonomy":"category","embeddable":true,"href":"https:\/\/pornuestrolaredo.com\/index.php?rest_route=%2Fwp%2Fv2%2Fcategories&post=919"},{"taxonomy":"post_tag","embeddable":true,"href":"https:\/\/pornuestrolaredo.com\/index.php?rest_route=%2Fwp%2Fv2%2Ftags&post=919"}],"curies":[{"name":"wp","href":"https:\/\/api.w.org\/{rel}","templated":true}]}}