{"id":934,"date":"2022-11-11T18:20:29","date_gmt":"2022-11-11T18:20:29","guid":{"rendered":"https:\/\/pornuestrolaredo.com\/?p=934"},"modified":"2022-11-11T18:20:30","modified_gmt":"2022-11-11T18:20:30","slug":"tendra-gobierno-de-amlo-su-propia-aerolinea","status":"publish","type":"post","link":"https:\/\/pornuestrolaredo.com\/?p=934","title":{"rendered":"Tendr\u00e1 gobierno de AMLO su propia aerol\u00ednea"},"content":{"rendered":"<p>M\u00c9RIDA.- El presidente Andr\u00e9s Manuel L\u00f3pez Obrador confirm\u00f3 que la nueva aerol\u00ednea de su gobierno se llamar\u00e1 Mexicana de Aviaci\u00f3n, y revel\u00f3 que se le dar\u00e1 el avi\u00f3n presidencial para \u201cviajes especiales\u201d.<\/p>\n<p>Durante la ma\u00f1anera en Yucat\u00e1n, el mandatario federal afirm\u00f3 que ya hay negociaciones con ex trabajadores de Mexicana.<\/p>\n<p>Ya estamos en trato con los trabajadores de Mexicana, tanto activos como jubilados, y se est\u00e1 buscando ya un acuerdo para que la nueva l\u00ednea a\u00e9rea se vuelva a llamar Mexicana de Aviaci\u00f3n\u201d, revel\u00f3.<\/p>\n<p>Eso no les gusta a nuestros adversarios, esto no es de gusto, tenemos que ir avanzando, entonces se va a adquirir, se va a hacer un aval\u00fao de la marca, el emblema y se va a tener una empresa para que haya m\u00e1s vuelos y que de esta forma no aumente tanto el pasaje de avi\u00f3n\u201d.<\/p>\n<p>L\u00f3pez Obrador dijo que el avi\u00f3n presidencial ser\u00e1 parte de la aerol\u00ednea pero que se podr\u00e1 rentar para viajes a Europa o dentro del Pa\u00eds.<\/p>\n<p>Es que es un avi\u00f3n tan lujoso que le daba pena a los posibles compradores y adem\u00e1s no se puede reconvertir, fue hecho a la medida, no se puede convertir en avi\u00f3n de pasajeros, es para 240 pasajeros en situaci\u00f3n normal, pero tiene 80, porque son sillones muy c\u00f3modos, y tiene sala de juntas, y tiene alcoba, entonces todo eso, y tiene un material especial que no permite que vuelva a ser de pasajeros, usar los 240 lugares\u201d, indic\u00f3.<\/p>\n<p>Y el otro problema tambi\u00e9n grave es que no se puede ir a M\u00e9rida, de M\u00e9xico a M\u00e9rida, o sea, s\u00ed se puede, pero no s\u00e9&#8230; debe ser, es un avi\u00f3n transatl\u00e1ntico, debe volar para ser eficiente m\u00ednimo 5 horas, y se hacen hora y media, dos horas de M\u00e9rida de la CDMX. Entonces, es para ir a Europa en 10 horas, eso s\u00ed, sin recarga de combustible, est\u00e1 hecho para eso, no lo compraron, pienso yo, para viajes en la Rep\u00fablica, eso nos dificulta tambi\u00e9n la venta\u201d, agreg\u00f3.<\/p>\n<p>S\u00ed hay quien lo quiere, pero est\u00e1n queriendo pagar menos y nosotros no podemos vender el avi\u00f3n abajo del aval\u00fao, ya tomamos la decisi\u00f3n, ese avi\u00f3n se va a entregar a la nueva l\u00ednea a\u00e9rea para viajes especiales, si quieren ir a Europa, otro continente, o tambi\u00e9n de la CDMX a Tulum, Canc\u00fan o Los Cabos, podr\u00eda ser, y rentarlo para quienes quieran, quieren llevar a sus familias, a sus trabajadores, un premio a su desempe\u00f1o, o sea, se rentar\u00eda de manera especial\u201d.<\/p>\n","protected":false},"excerpt":{"rendered":"<p>M\u00c9RIDA.- El presidente Andr\u00e9s Manuel L\u00f3pez Obrador confirm\u00f3 que la nueva aerol\u00ednea de su gobierno se llamar\u00e1 Mexicana<\/p>\n","protected":false},"author":1,"featured_media":937,"comment_status":"closed","ping_status":"closed","sticky":false,"template":"","format":"standard","meta":{"_crdt_document":"","_jetpack_memberships_contains_paid_content":false,"footnotes":"","jetpack_publicize_message":"Usar\u00e1n el avi\u00f3n presidencial \u2018para viajes especiales\u2019 de la empresa gubernamental que se llamar\u00e1 Mexicana de Aviaci\u00f3n","jetpack_publicize_feature_enabled":true,"jetpack_social_post_already_shared":true,"jetpack_social_options":{"image_generator_settings":{"template":"highway","default_image_id":0,"font":"","enabled":false},"version":2},"_wpas_customize_per_network":false},"categories":[9],"tags":[],"class_list":["post-934","post","type-post","status-publish","format-standard","has-post-thumbnail","hentry","category-el-mundo"],"magazineBlocksPostFeaturedMedia":{"thumbnail":"https:\/\/pornuestrolaredo.com\/wp-content\/uploads\/2022\/11\/Stereo91-20221111-1-150x150.jpeg","medium":"https:\/\/pornuestrolaredo.com\/wp-content\/uploads\/2022\/11\/Stereo91-20221111-1-300x200.jpeg","medium_large":"https:\/\/pornuestrolaredo.com\/wp-content\/uploads\/2022\/11\/Stereo91-20221111-1-768x512.jpeg","large":"https:\/\/pornuestrolaredo.com\/wp-content\/uploads\/2022\/11\/Stereo91-20221111-1.jpeg","1536x1536":"https:\/\/pornuestrolaredo.com\/wp-content\/uploads\/2022\/11\/Stereo91-20221111-1.jpeg","2048x2048":"https:\/\/pornuestrolaredo.com\/wp-content\/uploads\/2022\/11\/Stereo91-20221111-1.jpeg","morenews-large":"https:\/\/pornuestrolaredo.com\/wp-content\/uploads\/2022\/11\/Stereo91-20221111-1.jpeg","morenews-medium":"https:\/\/pornuestrolaredo.com\/wp-content\/uploads\/2022\/11\/Stereo91-20221111-1.jpeg"},"magazineBlocksPostAuthor":{"name":"Redactor","avatar":"https:\/\/pornuestrolaredo.com\/wp-content\/litespeed\/avatar\/dca1d7ec750c399f025f23b0b314f4cf.jpg?ver=1777612120"},"magazineBlocksPostCommentsNumber":false,"magazineBlocksPostExcerpt":"M\u00c9RIDA.- El presidente Andr\u00e9s Manuel L\u00f3pez Obrador confirm\u00f3 que la nueva aerol\u00ednea de su gobierno se llamar\u00e1 Mexicana","magazineBlocksPostCategories":["El Mundo"],"magazineBlocksPostViewCount":137,"magazineBlocksPostReadTime":3,"magazine_blocks_featured_image_url":{"full":["https:\/\/pornuestrolaredo.com\/wp-content\/uploads\/2022\/11\/Stereo91-20221111-1.jpeg",960,640,false],"medium":["https:\/\/pornuestrolaredo.com\/wp-content\/uploads\/2022\/11\/Stereo91-20221111-1-300x200.jpeg",300,200,true],"thumbnail":["https:\/\/pornuestrolaredo.com\/wp-content\/uploads\/2022\/11\/Stereo91-20221111-1-150x150.jpeg",150,150,true]},"magazine_blocks_author":{"display_name":"Redactor","author_link":"https:\/\/pornuestrolaredo.com\/?author=1"},"magazine_blocks_comment":0,"magazine_blocks_author_image":"https:\/\/pornuestrolaredo.com\/wp-content\/litespeed\/avatar\/dca1d7ec750c399f025f23b0b314f4cf.jpg?ver=1777612120","magazine_blocks_category":"<a href=\"#\" class=\"category-link category-link-9\">El Mundo<\/a>","jetpack_publicize_connections":[],"featured_image_urls":{"full":["https:\/\/pornuestrolaredo.com\/wp-content\/uploads\/2022\/11\/Stereo91-20221111-1.jpeg",960,640,false],"thumbnail":["https:\/\/pornuestrolaredo.com\/wp-content\/uploads\/2022\/11\/Stereo91-20221111-1-150x150.jpeg",150,150,true],"medium":["https:\/\/pornuestrolaredo.com\/wp-content\/uploads\/2022\/11\/Stereo91-20221111-1-300x200.jpeg",300,200,true],"medium_large":["https:\/\/pornuestrolaredo.com\/wp-content\/uploads\/2022\/11\/Stereo91-20221111-1-768x512.jpeg",640,427,true],"large":["https:\/\/pornuestrolaredo.com\/wp-content\/uploads\/2022\/11\/Stereo91-20221111-1.jpeg",640,427,false],"1536x1536":["https:\/\/pornuestrolaredo.com\/wp-content\/uploads\/2022\/11\/Stereo91-20221111-1.jpeg",960,640,false],"2048x2048":["https:\/\/pornuestrolaredo.com\/wp-content\/uploads\/2022\/11\/Stereo91-20221111-1.jpeg",960,640,false],"morenews-large":["https:\/\/pornuestrolaredo.com\/wp-content\/uploads\/2022\/11\/Stereo91-20221111-1.jpeg",825,550,false],"morenews-medium":["https:\/\/pornuestrolaredo.com\/wp-content\/uploads\/2022\/11\/Stereo91-20221111-1.jpeg",590,393,false]},"author_info":{"info":["Redactor"]},"category_info":"<a href=\"https:\/\/pornuestrolaredo.com\/?cat=9\" rel=\"category\">El Mundo<\/a>","tag_info":"El Mundo","comment_count":"0","jetpack_featured_media_url":"https:\/\/pornuestrolaredo.com\/wp-content\/uploads\/2022\/11\/Stereo91-20221111-1.jpeg","jetpack_sharing_enabled":true,"_links":{"self":[{"href":"https:\/\/pornuestrolaredo.com\/index.php?rest_route=\/wp\/v2\/posts\/934","targetHints":{"allow":["GET"]}}],"collection":[{"href":"https:\/\/pornuestrolaredo.com\/index.php?rest_route=\/wp\/v2\/posts"}],"about":[{"href":"https:\/\/pornuestrolaredo.com\/index.php?rest_route=\/wp\/v2\/types\/post"}],"author":[{"embeddable":true,"href":"https:\/\/pornuestrolaredo.com\/index.php?rest_route=\/wp\/v2\/users\/1"}],"replies":[{"embeddable":true,"href":"https:\/\/pornuestrolaredo.com\/index.php?rest_route=%2Fwp%2Fv2%2Fcomments&post=934"}],"version-history":[{"count":2,"href":"https:\/\/pornuestrolaredo.com\/index.php?rest_route=\/wp\/v2\/posts\/934\/revisions"}],"predecessor-version":[{"id":938,"href":"https:\/\/pornuestrolaredo.com\/index.php?rest_route=\/wp\/v2\/posts\/934\/revisions\/938"}],"wp:featuredmedia":[{"embeddable":true,"href":"https:\/\/pornuestrolaredo.com\/index.php?rest_route=\/wp\/v2\/media\/937"}],"wp:attachment":[{"href":"https:\/\/pornuestrolaredo.com\/index.php?rest_route=%2Fwp%2Fv2%2Fmedia&parent=934"}],"wp:term":[{"taxonomy":"category","embeddable":true,"href":"https:\/\/pornuestrolaredo.com\/index.php?rest_route=%2Fwp%2Fv2%2Fcategories&post=934"},{"taxonomy":"post_tag","embeddable":true,"href":"https:\/\/pornuestrolaredo.com\/index.php?rest_route=%2Fwp%2Fv2%2Ftags&post=934"}],"curies":[{"name":"wp","href":"https:\/\/api.w.org\/{rel}","templated":true}]}}