{"id":942,"date":"2022-11-11T19:34:12","date_gmt":"2022-11-11T19:34:12","guid":{"rendered":"https:\/\/pornuestrolaredo.com\/?p=942"},"modified":"2022-11-11T22:21:40","modified_gmt":"2022-11-11T22:21:40","slug":"el-tiempo-pasa-volando-ya-casi-es-thanksgiving","status":"publish","type":"post","link":"https:\/\/pornuestrolaredo.com\/?p=942","title":{"rendered":"El tiempo pasa volando\u2026 \u00a1Ya casi es Thanksgiving!"},"content":{"rendered":"<p><strong>LOS DOS LAREDOS.-<\/strong><em> En un abrir y cerrar de ojos, el a\u00f1o ya est\u00e1 en su recta final y ya estamos a pocos d\u00edas de que se celebre el D\u00eda de Acci\u00f3n de Gracias 2022 en Estados Unidos, Canad\u00e1, las ciudades de la frontera norte de M\u00e9xico y algunas del interior del pa\u00eds. Te decimos cu\u00e1ndo es el Thanksgiving Day y qu\u00e9 significa.<\/p>\n<p>El D\u00eda de Acci\u00f3n de Gracias es una de las celebraciones m\u00e1s arraigadas entre las familias estadounidenses, por lo que las oficinas gubernamentales cierran, adem\u00e1s de los bancos, y es la que da paso al Black Friday o Viernes Negro.<\/p>\n<p>\u00bfCU\u00c1L ES EL OR\u00cdGEN DEL THANKSGIVING DAY O D\u00cdA DE ACCI\u00d3N DE GRACIAS?<\/p>\n<p>El origen de la celebraci\u00f3n del D\u00eda de Acci\u00f3n de Gracias tiene que ver con el agradecimiento a Dios por parte de peregrinos y nativos, por la abundancia de las cosechas del a\u00f1o, luego de que en el primer invierno que pasaron fue muy duro para ellos.<\/p>\n<p>El Thanksgiving Day fue proclamado oficialmente por el presidente Lincoln en 1863, para ser celebrado el \u00faltimo jueves del mes de noviembre y fue hasta 1941 cuando fue declarado oficialmente un d\u00eda festivo por el Congreso de los Estados Unidos.<\/p>\n<p>La mayor\u00eda de las familias celebran el d\u00eda con una gran comida que comparten con amigos o sus seres queridos. Tradicionalmente el platillo principal es el pavo, que va acompa\u00f1ado con un relleno de pan y ma\u00edz, y en algunos casos, con salvia. Tambi\u00e9n, se sirve una variedad de verduras, elotes, pur\u00e9 de papas y postre, como el pastel de calabaza. La bebida tradicional es la sidra de manzana.<\/p>\n<p>\u00bfQU\u00c9 D\u00cdA CAE EL THANKSGIVING DAY 2022?<\/p>\n<p>El D\u00eda de Acci\u00f3n de Gracias se celebra el cuarto jueves de noviembre de cada a\u00f1o y este 2022 ser\u00e1 el 24 y el 25 ser\u00e1 el Black Friday, en el que los estadounidenses aprovechan las mejores ofertas para realizar compras masivas. Adem\u00e1s, el 24 de noviembre de 2022 tambi\u00e9n se llevar\u00e1 a cabo el tradicional Desfile de Thanksgiving en la ciudad de Nueva York, d\u00eda en el que los globos gigantes invaden la Gran Manzana.<\/p>\n","protected":false},"excerpt":{"rendered":"<p>LOS DOS LAREDOS.- En un abrir y cerrar de ojos, el a\u00f1o ya est\u00e1 en su recta final<\/p>\n","protected":false},"author":1,"featured_media":943,"comment_status":"open","ping_status":"open","sticky":false,"template":"","format":"standard","meta":{"_crdt_document":"","_jetpack_memberships_contains_paid_content":false,"footnotes":"","jetpack_publicize_message":"La celebraci\u00f3n del D\u00eda de Acci\u00f3n de Gracias ya es tambi\u00e9n tradici\u00f3n en la frontera norte de M\u00e9xico, como Nuevo Laredo","jetpack_publicize_feature_enabled":true,"jetpack_social_post_already_shared":true,"jetpack_social_options":{"image_generator_settings":{"template":"highway","default_image_id":0,"font":"","enabled":false},"version":2},"_wpas_customize_per_network":false},"categories":[4],"tags":[],"class_list":["post-942","post","type-post","status-publish","format-standard","has-post-thumbnail","hentry","category-los-dos-laredos"],"magazineBlocksPostFeaturedMedia":{"thumbnail":"https:\/\/pornuestrolaredo.com\/wp-content\/uploads\/2022\/11\/Stereo91-20221111-4-150x150.jpg","medium":"https:\/\/pornuestrolaredo.com\/wp-content\/uploads\/2022\/11\/Stereo91-20221111-4-300x185.jpg","medium_large":"https:\/\/pornuestrolaredo.com\/wp-content\/uploads\/2022\/11\/Stereo91-20221111-4-768x474.jpg","large":"https:\/\/pornuestrolaredo.com\/wp-content\/uploads\/2022\/11\/Stereo91-20221111-4-1024x631.jpg","1536x1536":"https:\/\/pornuestrolaredo.com\/wp-content\/uploads\/2022\/11\/Stereo91-20221111-4.jpg","2048x2048":"https:\/\/pornuestrolaredo.com\/wp-content\/uploads\/2022\/11\/Stereo91-20221111-4.jpg","morenews-large":"https:\/\/pornuestrolaredo.com\/wp-content\/uploads\/2022\/11\/Stereo91-20221111-4.jpg","morenews-medium":"https:\/\/pornuestrolaredo.com\/wp-content\/uploads\/2022\/11\/Stereo91-20221111-4.jpg"},"magazineBlocksPostAuthor":{"name":"Redactor","avatar":"https:\/\/pornuestrolaredo.com\/wp-content\/litespeed\/avatar\/dca1d7ec750c399f025f23b0b314f4cf.jpg?ver=1777612120"},"magazineBlocksPostCommentsNumber":false,"magazineBlocksPostExcerpt":"LOS DOS LAREDOS.- En un abrir y cerrar de ojos, el a\u00f1o ya est\u00e1 en su recta final","magazineBlocksPostCategories":["Los dos Laredos"],"magazineBlocksPostViewCount":126,"magazineBlocksPostReadTime":2,"magazine_blocks_featured_image_url":{"full":["https:\/\/pornuestrolaredo.com\/wp-content\/uploads\/2022\/11\/Stereo91-20221111-4.jpg",1200,740,false],"medium":["https:\/\/pornuestrolaredo.com\/wp-content\/uploads\/2022\/11\/Stereo91-20221111-4-300x185.jpg",300,185,true],"thumbnail":["https:\/\/pornuestrolaredo.com\/wp-content\/uploads\/2022\/11\/Stereo91-20221111-4-150x150.jpg",150,150,true]},"magazine_blocks_author":{"display_name":"Redactor","author_link":"https:\/\/pornuestrolaredo.com\/?author=1"},"magazine_blocks_comment":0,"magazine_blocks_author_image":"https:\/\/pornuestrolaredo.com\/wp-content\/litespeed\/avatar\/dca1d7ec750c399f025f23b0b314f4cf.jpg?ver=1777612120","magazine_blocks_category":"<a href=\"#\" class=\"category-link category-link-4\">Los dos Laredos<\/a>","jetpack_publicize_connections":[],"featured_image_urls":{"full":["https:\/\/pornuestrolaredo.com\/wp-content\/uploads\/2022\/11\/Stereo91-20221111-4.jpg",1200,740,false],"thumbnail":["https:\/\/pornuestrolaredo.com\/wp-content\/uploads\/2022\/11\/Stereo91-20221111-4-150x150.jpg",150,150,true],"medium":["https:\/\/pornuestrolaredo.com\/wp-content\/uploads\/2022\/11\/Stereo91-20221111-4-300x185.jpg",300,185,true],"medium_large":["https:\/\/pornuestrolaredo.com\/wp-content\/uploads\/2022\/11\/Stereo91-20221111-4-768x474.jpg",640,395,true],"large":["https:\/\/pornuestrolaredo.com\/wp-content\/uploads\/2022\/11\/Stereo91-20221111-4-1024x631.jpg",640,394,true],"1536x1536":["https:\/\/pornuestrolaredo.com\/wp-content\/uploads\/2022\/11\/Stereo91-20221111-4.jpg",1200,740,false],"2048x2048":["https:\/\/pornuestrolaredo.com\/wp-content\/uploads\/2022\/11\/Stereo91-20221111-4.jpg",1200,740,false],"morenews-large":["https:\/\/pornuestrolaredo.com\/wp-content\/uploads\/2022\/11\/Stereo91-20221111-4.jpg",825,509,false],"morenews-medium":["https:\/\/pornuestrolaredo.com\/wp-content\/uploads\/2022\/11\/Stereo91-20221111-4.jpg",590,364,false]},"author_info":{"info":["Redactor"]},"category_info":"<a href=\"https:\/\/pornuestrolaredo.com\/?cat=4\" rel=\"category\">Los dos Laredos<\/a>","tag_info":"Los dos Laredos","comment_count":"0","jetpack_featured_media_url":"https:\/\/pornuestrolaredo.com\/wp-content\/uploads\/2022\/11\/Stereo91-20221111-4.jpg","jetpack_sharing_enabled":true,"_links":{"self":[{"href":"https:\/\/pornuestrolaredo.com\/index.php?rest_route=\/wp\/v2\/posts\/942","targetHints":{"allow":["GET"]}}],"collection":[{"href":"https:\/\/pornuestrolaredo.com\/index.php?rest_route=\/wp\/v2\/posts"}],"about":[{"href":"https:\/\/pornuestrolaredo.com\/index.php?rest_route=\/wp\/v2\/types\/post"}],"author":[{"embeddable":true,"href":"https:\/\/pornuestrolaredo.com\/index.php?rest_route=\/wp\/v2\/users\/1"}],"replies":[{"embeddable":true,"href":"https:\/\/pornuestrolaredo.com\/index.php?rest_route=%2Fwp%2Fv2%2Fcomments&post=942"}],"version-history":[{"count":3,"href":"https:\/\/pornuestrolaredo.com\/index.php?rest_route=\/wp\/v2\/posts\/942\/revisions"}],"predecessor-version":[{"id":956,"href":"https:\/\/pornuestrolaredo.com\/index.php?rest_route=\/wp\/v2\/posts\/942\/revisions\/956"}],"wp:featuredmedia":[{"embeddable":true,"href":"https:\/\/pornuestrolaredo.com\/index.php?rest_route=\/wp\/v2\/media\/943"}],"wp:attachment":[{"href":"https:\/\/pornuestrolaredo.com\/index.php?rest_route=%2Fwp%2Fv2%2Fmedia&parent=942"}],"wp:term":[{"taxonomy":"category","embeddable":true,"href":"https:\/\/pornuestrolaredo.com\/index.php?rest_route=%2Fwp%2Fv2%2Fcategories&post=942"},{"taxonomy":"post_tag","embeddable":true,"href":"https:\/\/pornuestrolaredo.com\/index.php?rest_route=%2Fwp%2Fv2%2Ftags&post=942"}],"curies":[{"name":"wp","href":"https:\/\/api.w.org\/{rel}","templated":true}]}}